{"id":33813,"date":"2016-08-10T00:00:00","date_gmt":"2016-08-10T00:00:00","guid":{"rendered":"https:\/\/marqalicante-admin.qwair.com\/2016\/08\/10\/mas-de-31-000-personas-visitan-en-el-marq-la-muestra-vikingos-durante-sus-tres-primeros-meses-de-exhibicion\/"},"modified":"2016-08-10T00:00:00","modified_gmt":"2016-08-10T00:00:00","slug":"mas-de-31-000-personas-visitan-en-el-marq-la-muestra-vikingos-durante-sus-tres-primeros-meses-de-exhibicion","status":"publish","type":"post","link":"https:\/\/marqalicante-admin.qwair.com\/va\/mas-de-31-000-personas-visitan-en-el-marq-la-muestra-vikingos-durante-sus-tres-primeros-meses-de-exhibicion\/","title":{"rendered":"M\u00e9s de 31.000 persones visiten al MARQ la mostra Vikings durant els tres primers mesos d&#039;exhibici\u00f3"},"content":{"rendered":"<p>&nbsp;<\/p>\n<p>&nbsp;<\/p>\n<p>&nbsp;<\/p>\n<p style='text-align: center;'><img alt='' src='\/contenido\/genericas\/visitas_museo_arqueologico_alicante.jpg' style='width: 225px; height: 150px;' \/><\/p>\n<p>&nbsp;<\/p>\n<p style='text-align: justify;'>&nbsp; &nbsp; &nbsp; &nbsp;Des de la seva inauguraci\u00f3 el 19 de maig passat, <strong>m\u00e9s de 31.000 persones<\/strong> han visitat al MARQl&#039;exposici\u00f3 internacional <em>\u201c<strong>V\u00edkings<\/strong>.<strong>Guerrers del Nord<\/strong>.<strong>Gegants del Mar<\/strong>\u201d, <\/em>una producci\u00f3 in\u00e8dita que recorre la hist\u00f2ria, els costums i l\u02bcesdevenir d\u02bcaquest poble n\u00f2rdic amb gran per\u00edcia per a la construcci\u00f3 naval i la creaci\u00f3 liter\u00e0ria.<\/p>\n<p style='text-align: justify;'><span style='background-color:#fff;'>&nbsp;&nbsp;&nbsp;&nbsp;&nbsp;&nbsp;&nbsp;&nbsp; El passat mes de <\/span><strong><span style='background-color:#fff;'>juliol ha estat el que m\u00e9s aflu\u00e8ncia de p\u00fablic<\/span><\/strong><span style='background-color:#fff;'> ha registrat, arribant a assolir els <\/span><strong><span style='background-color:#fff;'>13.221 visitants<\/span><\/strong><span style='background-color:#fff;'>. Aquests bons resultats coincideixen amb l&#039;inici de la programaci\u00f3 estival i amb la celebraci\u00f3 d&#039;esdeveniments com &#039;La Noche en Blanco&#039;, per la qual el museu arqueol\u00f2gic va organitzar jornades de portes obertes, concerts i tallers did\u00e0ctics per a tota la fam\u00edlia. &nbsp;<a href=\"http:\/\/www.radioonlinevenezuela.net\/2017\/02\/oxigeno-top-40-venezuela.html\" target=\"_blank\" rel=\"noopener\"><span style='color:#fff;'>oxigen top 40<\/span><\/a><\/span><\/p>\n<p style='text-align: justify;'>&nbsp;&nbsp;&nbsp;&nbsp;&nbsp;&nbsp;&nbsp;&nbsp; Les <strong>\u00faltimes setmanes del mes de maig tamb\u00e9 van ser molt positives<\/strong> ja que, en nom\u00e9s deu dies, l&#039;exposici\u00f3 <em>\u201cVikings. Guerrers del Nord. Gegants del Mar\u201d<\/em> va rebre la visita de <strong>8.679 persones<\/strong>. Especialment rellevant va ser el cap de setmana del 21 i 22 de maig, quan el MARQ va commemorar el &#039;Dia Internacional dels Museus&#039;. Aquesta efem\u00e8ride va aconseguir reunir m\u00e9s de 5.330 visitants que van gaudir d&#039;un programa d&#039;activitats complet.<\/p>\n<p style='text-align: justify;'>&nbsp;&nbsp;&nbsp;&nbsp;&nbsp;&nbsp;&nbsp;&nbsp; El director-gerent del centre alacant\u00ed, <strong>Josep Albert Cort\u00e9s<\/strong>, ha explicat que \u201c<u>des de la inauguraci\u00f3 d&#039;aquesta exposici\u00f3 el mes de maig passat han estat molt\u00edssimes les persones que ens han visitat<\/u>\u201d i ha afegit que \u201c<u>les 13.221 visites del mes de juliol ens han fet superar els registres dels tres darrers anys i duplicar el nombre de visitants del 2013<\/u>\u201d.<\/p>\n<p style='text-align: justify;'>&nbsp;&nbsp;&nbsp;&nbsp;&nbsp;&nbsp;&nbsp;&nbsp; \u201c<u>El turisme cultural de qualitat existeix a la nostra prov\u00edncia i el MARQ n&#039;\u00e9s un magn\u00edfic exemple<\/u>\u201d, ha puntualitzat Cort\u00e9s.<\/p>\n<p style='text-align: justify;'>&nbsp;&nbsp;&nbsp;&nbsp;&nbsp;&nbsp;&nbsp;&nbsp; Un total de <strong>663 peces<\/strong> <strong>procedents del<\/strong> <strong>Museu Nacional de Dinamarca<\/strong> i que surten de Copenhaguen per primera vegada componen aquesta atractiva proposta cultural, que romandr\u00e0 al centre alacant\u00ed <strong>fins al proper mes de gener<\/strong>.<\/p>\n<p style='text-align: justify;'>&nbsp;&nbsp;&nbsp;&nbsp;&nbsp;&nbsp;&nbsp;&nbsp; Finalment, Josep Albert Cort\u00e9s ha manifestat que \u201c<u>el MARQ \u00e9s un dels centres culturals m\u00e9s importants del pa\u00eds<\/u>\u201d i ha recordat que \u201c<u>recentment ha estat incl\u00f2s per la prestigiosa revista National Geographic entre els deu museus imprescindibles per visitar a Espanya<\/u>\u201d.<\/p>","protected":false},"excerpt":{"rendered":"<p>&nbsp; &nbsp; &nbsp; &nbsp; &nbsp; &nbsp; &nbsp; &nbsp;Desde su inauguraci&oacute;n el pasado 19 de mayo,<span class=\"excerpt-hellip\"> [\u2026]<\/span><\/p>\n","protected":false},"author":3,"featured_media":0,"comment_status":"open","ping_status":"open","sticky":false,"template":"","format":"standard","meta":{"kia_subtitle":"","footnotes":""},"categories":[],"tags":[],"class_list":["post-33813","post","type-post","status-publish","format-standard","hentry"],"meta_box":[],"_links":{"self":[{"href":"https:\/\/marqalicante-admin.qwair.com\/va\/wp-json\/wp\/v2\/posts\/33813","targetHints":{"allow":["GET"]}}],"collection":[{"href":"https:\/\/marqalicante-admin.qwair.com\/va\/wp-json\/wp\/v2\/posts"}],"about":[{"href":"https:\/\/marqalicante-admin.qwair.com\/va\/wp-json\/wp\/v2\/types\/post"}],"author":[{"embeddable":true,"href":"https:\/\/marqalicante-admin.qwair.com\/va\/wp-json\/wp\/v2\/users\/3"}],"replies":[{"embeddable":true,"href":"https:\/\/marqalicante-admin.qwair.com\/va\/wp-json\/wp\/v2\/comments?post=33813"}],"version-history":[{"count":0,"href":"https:\/\/marqalicante-admin.qwair.com\/va\/wp-json\/wp\/v2\/posts\/33813\/revisions"}],"wp:attachment":[{"href":"https:\/\/marqalicante-admin.qwair.com\/va\/wp-json\/wp\/v2\/media?parent=33813"}],"wp:term":[{"taxonomy":"category","embeddable":true,"href":"https:\/\/marqalicante-admin.qwair.com\/va\/wp-json\/wp\/v2\/categories?post=33813"},{"taxonomy":"post_tag","embeddable":true,"href":"https:\/\/marqalicante-admin.qwair.com\/va\/wp-json\/wp\/v2\/tags?post=33813"}],"curies":[{"name":"wp","href":"https:\/\/api.w.org\/{rel}","templated":true}]}}