{"id":33812,"date":"2016-07-28T00:00:00","date_gmt":"2016-07-28T00:00:00","guid":{"rendered":"https:\/\/marqalicante-admin.qwair.com\/2016\/07\/28\/cesar-sanchez-destaca-la-importancia-y-el-valor-cultural-y-turistico-de-la-pobla-medieval-difac\/"},"modified":"2016-07-28T00:00:00","modified_gmt":"2016-07-28T00:00:00","slug":"cesar-sanchez-destaca-la-importancia-y-el-valor-cultural-y-turistico-de-la-pobla-medieval-difac","status":"publish","type":"post","link":"https:\/\/marqalicante-admin.qwair.com\/va\/cesar-sanchez-destaca-la-importancia-y-el-valor-cultural-y-turistico-de-la-pobla-medieval-difac\/","title":{"rendered":"C\u00e9sar Sanchez destaca la import\u00e0ncia i el valor cultural i tur\u00edstic de la Pobla Medieval d&#039;Ifac"},"content":{"rendered":"<p style='text-align: center;'><img alt='' src='\/contenido\/genericas\/072816 visita pobla ifach 2(1).jpg' style='width: 413px; height: 230px;' \/><\/p>\n<p style='text-align: center;'>&nbsp;<\/p>\n<p>&nbsp;<\/p>\n<p style='text-align: justify;'>&nbsp; &nbsp; &nbsp; &nbsp; El president de la Diputaci\u00f3 d&#039;Alacant, <strong>C\u00e9sar S\u00e1nchez<\/strong>, s&#039;ha despla\u00e7at aquest mat\u00ed fins al <strong>jaciment de la<\/strong> <strong>Pobla Medieval d&#039;Ifac<\/strong>&nbsp;per con\u00e8ixer de primera m\u00e0 el transcurs de la campanya estival d&#039;excavacions que el <strong>MARQ<\/strong> est\u00e0 duent a terme en aquest important enclavament arqueol\u00f2gic.<\/p>\n<p style='text-align: justify;'>&nbsp; &nbsp;El m\u00e0xim dirigent del Govern Provincial i alcalde de Calp, que ha recorregut les diferents zones del jaciment acompanyat pel director de la campanya i arque\u00f2leg del museu alacant\u00ed, <strong>Jos\u00e9 Luis Men\u00e9ndez<\/strong>, ha destacat la import\u00e0ncia d&#039;aquest tipus de projectes \u201c<u>que ens permeten posar en valor i difondre la riquesa patrimonial i hist\u00f2rica dels nostres municipis<\/u>\u201d. \u201c<u>Es tracta de treballar per no perdre tot all\u00f2 que forma part de la hist\u00f2ria dels nostres avantpassats i que ens permet brindar als nostres visitants una oferta cultural i tur\u00edstica de primer nivell<\/u>\u201d, ha concretat.<\/p>\n<p style='text-align: justify;'>&nbsp; &nbsp; Un total de <strong>32 estudiants voluntaris<\/strong> procedents de diferents universitats espanyoles participen en aquests treballs, centrats principalment aquest any a la <strong>consolidaci\u00f3 preventiva de les troballes localitzades<\/strong>. En concret, en un <strong>llen\u00e7 de la muralla Nord<\/strong> ia la <strong>Torre de Gu\u00e0rdia<\/strong>, ambd\u00f3s sectors ubicats a les rodalies de la Porta d&#039;Ifac, on s&#039;est\u00e0 refor\u00e7ant la zona per evitar futurs esfondraments.<\/p>\n<p style='text-align: justify;'>&nbsp; &nbsp;\u201c<u>Gr\u00e0cies a aquests treballs s&#039;han recuperat cinc monedes medievals del segle XIII, concretament de l&#039;\u00e8poca del regnat de Jaume II<\/u>\u201d, segons ha explicat Men\u00e9ndez durant aquesta visita, en qu\u00e8 tamb\u00e9 han participat el director-t\u00e8cnic i el director-gerent del MARQ, <strong>Manuel Olcina <\/strong>i<strong>Jos\u00e9 Albert Cort\u00e9s<\/strong>, respectivament, aix\u00ed com diferents membres de la corporaci\u00f3 municipal de Calp.<\/p>\n<p style='text-align: justify;'>&nbsp; &nbsp; Un altre dels objectius d&#039;aquest any \u00e9s intentar <strong>acabar de descobrir el corredor cobert dacc\u00e9s a la <em>pobla<\/em><\/strong> que es troba entre les dues primeres portes d&#039;ingr\u00e9s i que, previsiblement, oferir\u00e0 una informaci\u00f3 vital per a l&#039;estudi de l&#039;organitzaci\u00f3 interna d&#039;aquest enclavament urb\u00e0 constru\u00eft a partir de l&#039;any 1298 <strong>Roger de Ll\u00faria<\/strong>, Senyor d&#039;Ifac i almirall calabr\u00e8s al servei de la Corona d&#039;Arag\u00f3.<\/p>\n<p style='text-align: justify;'>&nbsp; &nbsp; &nbsp;\u201c<u>La campanya aquest any se centra a fer reparacions importants a la muralla, que \u00e9s la zona que es trobava en pitjor estat. En aquest sentit, estem treballant per consolidar la Torre de Gu\u00e0rdia i, tamb\u00e9, un fragment de llen\u00e7 de la muralla<\/u>\u201d, ha explicat Men\u00e9ndez.<\/p>\n<p style='text-align: justify;'>&nbsp;&nbsp;&nbsp;&nbsp;&nbsp;&nbsp;&nbsp;&nbsp; Els treballs contemplen, aix\u00ed mateix, la <strong>ampliaci\u00f3 de l&#039;\u00e0rea de la necr\u00f2polis<\/strong>, un espai descobert el 2008 i situat davant de la fa\u00e7ana de la <strong>Esgl\u00e9sia de La nostra Senyora dels \u00c0ngels<\/strong>. Aquest edifici, un dels m\u00e9s emblem\u00e0tics del jaciment, va ser constru\u00eft entre els anys 1320 i 1340 per <strong>Donya Margarita<\/strong>, Comtessa de Terranova i filla de l&#039;Almirall Roger de Ll\u00faria. Les tasques se centraran principalment en la finalitzaci\u00f3 de les excavacions de l&#039;\u00e0rea funer\u00e0ria, on fins ara s&#039;han localitzat <strong>55 tombes<\/strong> amb m\u00e9s de <strong>85 inhumacions documentades<\/strong>.<\/p>\n<p style='text-align: justify;'>&nbsp; &nbsp; &nbsp; En aquest enclavament en destaca una que podria ser <strong>la d&#039;un cavaller<\/strong> i una altra que possiblement pertany\u00e9s a <strong>un clergue o c\u00e0rrec eclesi\u00e0stic<\/strong>, ja que porta entre les mans un grial o copa lit\u00fargica. Aix\u00ed mateix, s\u00f3n especialment rellevants una tomba en qu\u00e8 va apar\u00e8ixer <strong>una dona embarassada amb el seu fetus<\/strong> i una altra col\u00b7lectiva amb <strong>m\u00e9s de 16 inhumacions<\/strong>.<\/p>","protected":false},"excerpt":{"rendered":"<p>&nbsp; &nbsp; &nbsp; &nbsp; &nbsp; &nbsp; El presidente de la Diputaci&oacute;n de Alicante, C&eacute;sar S&aacute;nchez,<span class=\"excerpt-hellip\"> [\u2026]<\/span><\/p>\n","protected":false},"author":3,"featured_media":0,"comment_status":"open","ping_status":"open","sticky":false,"template":"","format":"standard","meta":{"kia_subtitle":"","footnotes":""},"categories":[],"tags":[],"class_list":["post-33812","post","type-post","status-publish","format-standard","hentry"],"meta_box":[],"_links":{"self":[{"href":"https:\/\/marqalicante-admin.qwair.com\/va\/wp-json\/wp\/v2\/posts\/33812","targetHints":{"allow":["GET"]}}],"collection":[{"href":"https:\/\/marqalicante-admin.qwair.com\/va\/wp-json\/wp\/v2\/posts"}],"about":[{"href":"https:\/\/marqalicante-admin.qwair.com\/va\/wp-json\/wp\/v2\/types\/post"}],"author":[{"embeddable":true,"href":"https:\/\/marqalicante-admin.qwair.com\/va\/wp-json\/wp\/v2\/users\/3"}],"replies":[{"embeddable":true,"href":"https:\/\/marqalicante-admin.qwair.com\/va\/wp-json\/wp\/v2\/comments?post=33812"}],"version-history":[{"count":0,"href":"https:\/\/marqalicante-admin.qwair.com\/va\/wp-json\/wp\/v2\/posts\/33812\/revisions"}],"wp:attachment":[{"href":"https:\/\/marqalicante-admin.qwair.com\/va\/wp-json\/wp\/v2\/media?parent=33812"}],"wp:term":[{"taxonomy":"category","embeddable":true,"href":"https:\/\/marqalicante-admin.qwair.com\/va\/wp-json\/wp\/v2\/categories?post=33812"},{"taxonomy":"post_tag","embeddable":true,"href":"https:\/\/marqalicante-admin.qwair.com\/va\/wp-json\/wp\/v2\/tags?post=33812"}],"curies":[{"name":"wp","href":"https:\/\/api.w.org\/{rel}","templated":true}]}}