{"id":33803,"date":"2016-07-11T00:00:00","date_gmt":"2016-07-11T00:00:00","guid":{"rendered":"https:\/\/marqalicante-admin.qwair.com\/2016\/07\/11\/el-marq-impulsa-un-verano-mas-la-campana-de-excavaciones-arqueologicas-en-la-pobla-medieval-de-ifach\/"},"modified":"2016-07-11T00:00:00","modified_gmt":"2016-07-11T00:00:00","slug":"el-marq-impulsa-un-verano-mas-la-campana-de-excavaciones-arqueologicas-en-la-pobla-medieval-de-ifach","status":"publish","type":"post","link":"https:\/\/marqalicante-admin.qwair.com\/va\/el-marq-impulsa-un-verano-mas-la-campana-de-excavaciones-arqueologicas-en-la-pobla-medieval-de-ifach\/","title":{"rendered":"El MARQ impulsa un estiu m\u00e9s la campanya d\u00b4excavacions arqueol\u00f2giques a la Pobla Medieval d\u00b4Ifach"},"content":{"rendered":"<p style='text-align: center;'>&nbsp;<img alt='' src='\/contenido\/genericas\/panoramica_Ifac(1).jpg' style='width: 299px; height: 448px;' \/><\/p>\n<p style='text-align: center;'>&nbsp;<\/p>\n<p style='text-align: justify;'>&nbsp;<span style='text-align: justify;'>&nbsp; &nbsp; &nbsp; &nbsp; Un total de <\/span><strong style='text-align: justify;'>32 estudiants d&#039;Arqueologia <\/strong><span style='text-align: justify;'>procedents de m\u00e9s de quinze universitats espanyoles participen aquest estiu a la <\/span><strong style='text-align: justify;'>XII Campanya d&#039;Excavacions de la Pobla Medieval d&#039;Ifac <\/strong><span style='text-align: justify;'>que impulsa el MARQ. Els treballs, que es van iniciar l&#039;1 de juliol passat i es prolongaran fins al 31 d&#039;agost, se centraran aquest any al recinte emmurallat. En concret, en un <\/span><strong style='text-align: justify;'>llen\u00e7 de la muralla Nord<\/strong><span style='text-align: justify;'> amb m\u00e9s de dotze metres de longitud i cinc d&#039;al\u00e7ada ia la <\/span><strong style='text-align: justify;'>Torre de Gu\u00e0rdia<\/strong><span style='text-align: justify;'>, ambd\u00f3s sectors ubicats a les rodalies de la Porta d&#039;Ifac, on es refor\u00e7ar\u00e0 la zona i es realitzar\u00e0 una reintegraci\u00f3 volum\u00e8trica per evitar futurs esfondraments.<\/span><\/p>\n<p style='text-align: justify;'>&nbsp; &nbsp; &nbsp; &nbsp; &nbsp; A m\u00e9s, aquest any s&#039;intentar\u00e0 <strong>acabar de descobrir el corredor cobert dacc\u00e9s a la <em>pobla<\/em><\/strong> que es troba entre les dues primeres portes d&#039;ingr\u00e9s i que, previsiblement, oferir\u00e0 una informaci\u00f3 vital per a l&#039;estudi de l&#039;organitzaci\u00f3 interna d&#039;aquest enclavament urb\u00e0 constru\u00eft a partir de l&#039;any 1298 <strong>Roger de Ll\u00faria<\/strong>, Senyor d&#039;Ifac i almirall calabr\u00e8s al servei de la Corona d&#039;Arag\u00f3.<\/p>\n<p style='text-align: justify;'>&nbsp; &nbsp; &nbsp; &nbsp; \u201c<u>Tot i que el principal objectiu se centra en la consolidaci\u00f3 preventiva, el projecte tamb\u00e9 ens permetr\u00e0 continuar amb la documentaci\u00f3 del sistema d&#039;acc\u00e9s a la <em>pobla<\/em>, ubicat al Sector Oest del jaciment i descobert parcialment en edicions anteriors<\/u>\u201d, ha explicat el director de la campanya i arque\u00f2leg del museu alacant\u00ed, <strong>Jos\u00e9 Luis Men\u00e9ndez<\/strong>.<\/p>\n<p style='text-align: justify;'>&nbsp;&nbsp;&nbsp;&nbsp;&nbsp;&nbsp;&nbsp;&nbsp; Els treballs contemplen, aix\u00ed mateix, la <strong>ampliaci\u00f3 de l&#039;\u00e0rea de la necr\u00f2polis<\/strong>, un espai descobert el 2008 i situat davant de la fa\u00e7ana de la <strong>Esgl\u00e9sia de La nostra Senyora dels \u00c0ngels<\/strong>. Aquest edifici, un dels m\u00e9s emblem\u00e0tics del jaciment, va ser constru\u00eft entre els anys 1320 i 1340 per <strong>Donya Margarita<\/strong>, Comtessa de Terranova i filla de l&#039;Almirall Roger de Ll\u00faria. Les tasques se centraran principalment en la finalitzaci\u00f3 de les excavacions de l&#039;\u00e0rea funer\u00e0ria, on fins ara s&#039;han localitzat <strong>55 tombes<\/strong> amb m\u00e9s de <strong>85 inhumacions documentades<\/strong>.<\/p>\n<p style='text-align: justify;'>&nbsp; &nbsp; &nbsp; &nbsp; &nbsp; En aquest enclavament en destaca una que podria ser <strong>la d&#039;un cavaller<\/strong> i una altra que possiblement pertany\u00e9s a <strong>un clergue o c\u00e0rrec eclesi\u00e0stic<\/strong>, ja que porta entre les mans un grial o copa lit\u00fargica. Aix\u00ed mateix, s\u00f3n especialment rellevants una tomba en qu\u00e8 va apar\u00e8ixer <strong>una dona embarassada amb el seu fetus<\/strong> i una altra col\u00b7lectiva amb <strong>m\u00e9s de 16 inhumacions<\/strong>.<\/p>\n<p style='text-align: justify;'>&nbsp; &nbsp; &nbsp; &nbsp; &nbsp; \u201c<u>Tres portes consecutives i un complex sistema d&#039;acc\u00e9s converteixen Ifac en un jaciment de refer\u00e8ncia pel que fa a l&#039;estudi dels assentaments posteriors a la conquesta cristiana durant els segles XIII i XIV, germen hist\u00f2ric del que ara \u00e9s la Comunitat Valenciana<\/u>\u201d, ha puntualitzat Men\u00e9ndez.<\/p>\n<p style='text-align: justify;'>&nbsp;&nbsp;&nbsp;&nbsp;&nbsp;&nbsp;&nbsp;&nbsp; La campanya d\u00b4excavacions de la Pobla Medieval d\u00b4Ifac, un espai declarat <strong>B\u00e9 d&#039;inter\u00e8s cultural l&#039;any 2011<\/strong>, compta amb la col\u00b7laboraci\u00f3 de l&#039;Ajuntament de Calp i la Conselleria d&#039;Agricultura, Medi Ambient, Canvi Clim\u00e0tic i Desenvolupament Rural.<\/p>\n<p style='text-align: justify;'>&nbsp;<\/p>","protected":false},"excerpt":{"rendered":"<p>&nbsp; &nbsp; &nbsp;&nbsp; &nbsp; &nbsp; &nbsp; Un total de 32 estudiantes de Arqueolog&iacute;a procedentes de<span class=\"excerpt-hellip\"> [\u2026]<\/span><\/p>\n","protected":false},"author":3,"featured_media":0,"comment_status":"open","ping_status":"open","sticky":false,"template":"","format":"standard","meta":{"kia_subtitle":"","footnotes":""},"categories":[],"tags":[],"class_list":["post-33803","post","type-post","status-publish","format-standard","hentry"],"meta_box":[],"_links":{"self":[{"href":"https:\/\/marqalicante-admin.qwair.com\/va\/wp-json\/wp\/v2\/posts\/33803","targetHints":{"allow":["GET"]}}],"collection":[{"href":"https:\/\/marqalicante-admin.qwair.com\/va\/wp-json\/wp\/v2\/posts"}],"about":[{"href":"https:\/\/marqalicante-admin.qwair.com\/va\/wp-json\/wp\/v2\/types\/post"}],"author":[{"embeddable":true,"href":"https:\/\/marqalicante-admin.qwair.com\/va\/wp-json\/wp\/v2\/users\/3"}],"replies":[{"embeddable":true,"href":"https:\/\/marqalicante-admin.qwair.com\/va\/wp-json\/wp\/v2\/comments?post=33803"}],"version-history":[{"count":0,"href":"https:\/\/marqalicante-admin.qwair.com\/va\/wp-json\/wp\/v2\/posts\/33803\/revisions"}],"wp:attachment":[{"href":"https:\/\/marqalicante-admin.qwair.com\/va\/wp-json\/wp\/v2\/media?parent=33803"}],"wp:term":[{"taxonomy":"category","embeddable":true,"href":"https:\/\/marqalicante-admin.qwair.com\/va\/wp-json\/wp\/v2\/categories?post=33803"},{"taxonomy":"post_tag","embeddable":true,"href":"https:\/\/marqalicante-admin.qwair.com\/va\/wp-json\/wp\/v2\/tags?post=33803"}],"curies":[{"name":"wp","href":"https:\/\/api.w.org\/{rel}","templated":true}]}}