{"id":33784,"date":"2016-05-17T00:00:00","date_gmt":"2016-05-17T00:00:00","guid":{"rendered":"https:\/\/marqalicante-admin.qwair.com\/2016\/05\/17\/los-vikingos-invaden-la-playa-del-postiguet-de-alicante\/"},"modified":"2016-05-17T00:00:00","modified_gmt":"2016-05-17T00:00:00","slug":"los-vikingos-invaden-la-playa-del-postiguet-de-alicante","status":"publish","type":"post","link":"https:\/\/marqalicante-admin.qwair.com\/va\/los-vikingos-invaden-la-playa-del-postiguet-de-alicante\/","title":{"rendered":"Els v\u00edkings envaeixen la platja del Postiguet d&#039;Alacant"},"content":{"rendered":"<p>&nbsp;<\/p>\n<p style='text-align: center;'><img alt='' src='\/contenido\/genericas\/VIKINGOS.JPG' style='width: 200px; height: 459px;' \/><\/p>\n<p>&nbsp;<\/p>\n<p style='text-align: justify;'>&nbsp; &nbsp; &nbsp; Els aventurers i aguerrits protagonistes de la nova exposici\u00f3 internacional del MARQ <em>\u201c<strong>V\u00edkings<\/strong>.<strong>Guerrers del Nord<\/strong>.<strong>Gegants del Mar<\/strong>\u201d <\/em>desembarcaran dem\u00e0 dimecres a la ciutat d&#039;Alacant de manera totalment espectacular i \u00e9s que el Govern Provincial n&#039;ha dissenyat una <strong>original i atractiva campanya de promoci\u00f3<\/strong> per difondre els continguts d aquesta mostra in\u00e8dita que s inaugurar\u00e0 el dijous 19 de maig.<\/p>\n<p style='text-align: justify;'>&nbsp;&nbsp;&nbsp;&nbsp;&nbsp;&nbsp;&nbsp;&nbsp; La coneguda <strong>platja del Postiguet<\/strong> ha estat l&#039;escenari escollit per desenvolupar aquesta singular acci\u00f3 de <em>street marketing <\/em>que contempla el <strong>desembarcament d&#039;un grup de v\u00edkings<\/strong> perfectament abillats amb els vestits t\u00edpics d&#039;aquella \u00e8poca. Els temibles &#039;homes del nord&#039; arribaran a terres alacantines amb vaixell, despr\u00e9s de solcar les aig\u00fces del Mediterrani, on prendran la localitat entonant c\u00e0ntics i escenificant alguns dels seus rituals. Posteriorment, <strong>recorreran els carrers de la ciutat amb l&#039;objectiu de promocionar l&#039;exposici\u00f3 i<\/strong> <strong>repartir entrades gratu\u00eftes <\/strong>per visitar la mostra. En definitiva, una proposta ins\u00f2lita en qu\u00e8 es viuran moments d&#039;espectacle ia la qual estan convidats tots els ciutadans.&nbsp;&nbsp;&nbsp;&nbsp;&nbsp;&nbsp;&nbsp;&nbsp;<\/p>\n<p style='text-align: justify;'>&nbsp; &nbsp; &nbsp; &nbsp; &nbsp; &nbsp;El diputat de Cultura, <strong>C\u00e8sar Augusto Asencio<\/strong>, ha explicat que \u201c<u>a trav\u00e9s d&#039;aquesta iniciativa, el Govern Provincial pret\u00e9n apropar la cultura als ciutadans i fer-los part\u00edcips de les diferents propostes l\u00fadiques i did\u00e0ctiques que al llarg de l&#039;any duu a terme el MARQ<\/u>\u201d.<\/p>\n<p style='text-align: justify;'>&nbsp;<\/p>\n<p style='margin-left: 3cm;'>&nbsp; <strong>Dia: Dimecres<\/strong>, <strong>18 de maig de 2016<\/strong>.<\/p>\n<p style='margin-left: 3cm;'><strong>&nbsp; Hora: 19:00 hores<\/strong>.<\/p>\n<p style='margin-left: 3cm;'><strong>&nbsp; Punt de trobada: Passarel\u00b7la de vianants d&#039;acc\u00e9s a la platja del Postiguet<\/strong>.<\/p>\n<p>&nbsp; &nbsp; &nbsp; &nbsp; &nbsp;<\/p>","protected":false},"excerpt":{"rendered":"<p>&nbsp; &nbsp; &nbsp; &nbsp; &nbsp; Los aventureros y aguerridos protagonistas de la nueva exposici&oacute;n internacional<span class=\"excerpt-hellip\"> [\u2026]<\/span><\/p>\n","protected":false},"author":3,"featured_media":0,"comment_status":"open","ping_status":"open","sticky":false,"template":"","format":"standard","meta":{"kia_subtitle":"","footnotes":""},"categories":[],"tags":[],"class_list":["post-33784","post","type-post","status-publish","format-standard","hentry"],"meta_box":[],"_links":{"self":[{"href":"https:\/\/marqalicante-admin.qwair.com\/va\/wp-json\/wp\/v2\/posts\/33784","targetHints":{"allow":["GET"]}}],"collection":[{"href":"https:\/\/marqalicante-admin.qwair.com\/va\/wp-json\/wp\/v2\/posts"}],"about":[{"href":"https:\/\/marqalicante-admin.qwair.com\/va\/wp-json\/wp\/v2\/types\/post"}],"author":[{"embeddable":true,"href":"https:\/\/marqalicante-admin.qwair.com\/va\/wp-json\/wp\/v2\/users\/3"}],"replies":[{"embeddable":true,"href":"https:\/\/marqalicante-admin.qwair.com\/va\/wp-json\/wp\/v2\/comments?post=33784"}],"version-history":[{"count":0,"href":"https:\/\/marqalicante-admin.qwair.com\/va\/wp-json\/wp\/v2\/posts\/33784\/revisions"}],"wp:attachment":[{"href":"https:\/\/marqalicante-admin.qwair.com\/va\/wp-json\/wp\/v2\/media?parent=33784"}],"wp:term":[{"taxonomy":"category","embeddable":true,"href":"https:\/\/marqalicante-admin.qwair.com\/va\/wp-json\/wp\/v2\/categories?post=33784"},{"taxonomy":"post_tag","embeddable":true,"href":"https:\/\/marqalicante-admin.qwair.com\/va\/wp-json\/wp\/v2\/tags?post=33784"}],"curies":[{"name":"wp","href":"https:\/\/api.w.org\/{rel}","templated":true}]}}