{"id":33771,"date":"2016-04-01T00:00:00","date_gmt":"2016-04-01T00:00:00","guid":{"rendered":"https:\/\/marqalicante-admin.qwair.com\/2016\/04\/01\/tve-graba-un-programa-sobre-la-accesibilidad-en-el-marq\/"},"modified":"2016-04-01T00:00:00","modified_gmt":"2016-04-01T00:00:00","slug":"tve-graba-un-programa-sobre-la-accesibilidad-en-el-marq","status":"publish","type":"post","link":"https:\/\/marqalicante-admin.qwair.com\/va\/tve-graba-un-programa-sobre-la-accesibilidad-en-el-marq\/","title":{"rendered":"TVE grava un programa sobre l&#039;accessibilitat al MARQ."},"content":{"rendered":"<p>&nbsp;<\/p>\n<p><img alt='' src='\/contenido\/genericas\/foto signos(2).JPG' style='width: 250px; height: 141px;' \/><\/p>\n<p>&nbsp;<\/p>\n<p style='text-align: justify;'>&nbsp; &nbsp; &nbsp; &nbsp; &nbsp;&nbsp;El <strong>programa de<\/strong> <strong>Televisi\u00f3 Espanyola<\/strong> &#039;<strong>A Llengua de Signes<\/strong>&#039; ha visitat recentment el Museu Arqueol\u00f2gic d&#039;Alacant per fer-se ress\u00f2 del seu interessant <strong>projecte d&#039;accessibilitat<\/strong>, un pla que desenvolupa des de fa anys per tal d&#039;apropar el patrimoni cultural de la prov\u00edncia a tota la societat i aconseguir la plena integraci\u00f3 de les persones amb discapacitat.<\/p>\n<p style='text-align: justify;'>&nbsp;&nbsp;&nbsp;&nbsp;&nbsp;&nbsp;&nbsp;&nbsp; El programa, que <strong>s&#039;emetr\u00e0 dem\u00e0 dissabte 2 d&#039;abril a les 11:00 hores a TVE<\/strong>, recull una de les <strong>visites guiades en llengua de signes<\/strong> que el MARQ realitza peri\u00f2dicament a l&#039;exposici\u00f3 temporal <em>\u201c<strong>Cocentaina<\/strong>. <strong>Arqueologia i Museus<\/strong>\u201d.<\/em><\/p>\n<p style='text-align: justify;'>&nbsp; &nbsp; &nbsp; El vicepresident i diputat de Cultura, <strong>C\u00e8sar Augusto Asencio<\/strong>, ha destacat la peculiaritat d&#039;aquests recorreguts, \u201c<u>que s\u00f3n impartits per persones amb discapacitat auditiva<\/u>\u201d, i ha explicat que \u201c<u>a trav\u00e9s d&#039;aquesta proposta, impulsada en col\u00b7laboraci\u00f3 amb APESOA Alacant i FESORD Comunitat Valenciana, pretenem millorar la qualitat de vida i afavorir l&#039;autonomia i la integraci\u00f3 d&#039;aquest col\u00b7lectiu en els diferents \u00e0mbits socials<\/u>\u201d.<\/p>\n<p style='text-align: justify;'>&nbsp; &nbsp; A m\u00e9s, el diputat ha recalcat que \u201c<u>com a novetat, recentment hem instal\u00b7lat a les sales d&#039;exposicions uns &#039;punts d&#039;int\u00e8rpret&#039; on els guies efectuen les seves explicacions sota un feix de llum que permet que les mans siguin totalment visibles per als grups de persones sordes que realitzen l&#039;activitat<\/u>\u201d.<\/p>\n<p style='text-align: justify;'>&nbsp; &nbsp; &nbsp; Durant la visita al centre alacant\u00ed, els periodistes van entrevistar algunes de les persones que formen part d&#039;aquest innovador projecte, com el director t\u00e8cnic del museu, <strong>Manuel Olcina<\/strong>, el cap d&#039;exposicions, <strong>Jorge Soler<\/strong>, el president d&#039;APESOA, <strong>Daniel de La Casa<\/strong>, o la vicepresidenta de FESORD, <strong>Carolina Trigueros<\/strong>.A m\u00e9s, l&#039;equip d&#039;enregistrament va poder con\u00e8ixer altres programes d&#039;accessibilitat que el complex desenvolupa actualment i que contemplen l&#039;elaboraci\u00f3 de guies multim\u00e8dia signades, la creaci\u00f3 de manuals en braille o la reproducci\u00f3 de peces expositives.<\/p>\n<p style='text-align: justify;'>&nbsp;&nbsp;&nbsp;&nbsp;&nbsp;&nbsp;&nbsp;&nbsp; El MARQ col\u00b7labora des de fa anys amb les associacions de la prov\u00edncia a la <strong>implantaci\u00f3 d&#039;iniciatives<\/strong>,<strong>tallers i programes educatius destinats a afavorir la plena integraci\u00f3 de les persones amb discapacitat<\/strong>. \u201c<u>Gr\u00e0cies a aquest tipus de col\u00b7laboracions, les entitats alacantines disposen dels mitjans adequats per poder visitar, sentir i comprendre qualsevol activitat o exposici\u00f3 que es realitzi, tant a les sales del museu com als seus jaciments arqueol\u00f2gics<\/u>\u201d, ha puntualitzat Asencio.<\/p>","protected":false},"excerpt":{"rendered":"<p>&nbsp; &nbsp; &nbsp; &nbsp; &nbsp; &nbsp; &nbsp;&nbsp;El programa de Televisi&oacute;n Espa&ntilde;ola &lsquo;En Lengua de Signos&rsquo;<span class=\"excerpt-hellip\"> [\u2026]<\/span><\/p>\n","protected":false},"author":3,"featured_media":0,"comment_status":"open","ping_status":"open","sticky":false,"template":"","format":"standard","meta":{"kia_subtitle":"","footnotes":""},"categories":[],"tags":[],"class_list":["post-33771","post","type-post","status-publish","format-standard","hentry"],"meta_box":[],"_links":{"self":[{"href":"https:\/\/marqalicante-admin.qwair.com\/va\/wp-json\/wp\/v2\/posts\/33771","targetHints":{"allow":["GET"]}}],"collection":[{"href":"https:\/\/marqalicante-admin.qwair.com\/va\/wp-json\/wp\/v2\/posts"}],"about":[{"href":"https:\/\/marqalicante-admin.qwair.com\/va\/wp-json\/wp\/v2\/types\/post"}],"author":[{"embeddable":true,"href":"https:\/\/marqalicante-admin.qwair.com\/va\/wp-json\/wp\/v2\/users\/3"}],"replies":[{"embeddable":true,"href":"https:\/\/marqalicante-admin.qwair.com\/va\/wp-json\/wp\/v2\/comments?post=33771"}],"version-history":[{"count":0,"href":"https:\/\/marqalicante-admin.qwair.com\/va\/wp-json\/wp\/v2\/posts\/33771\/revisions"}],"wp:attachment":[{"href":"https:\/\/marqalicante-admin.qwair.com\/va\/wp-json\/wp\/v2\/media?parent=33771"}],"wp:term":[{"taxonomy":"category","embeddable":true,"href":"https:\/\/marqalicante-admin.qwair.com\/va\/wp-json\/wp\/v2\/categories?post=33771"},{"taxonomy":"post_tag","embeddable":true,"href":"https:\/\/marqalicante-admin.qwair.com\/va\/wp-json\/wp\/v2\/tags?post=33771"}],"curies":[{"name":"wp","href":"https:\/\/api.w.org\/{rel}","templated":true}]}}