{"id":33767,"date":"2016-03-21T00:00:00","date_gmt":"2016-03-21T00:00:00","guid":{"rendered":"https:\/\/marqalicante-admin.qwair.com\/2016\/03\/21\/el-marq-cambia-las-luces-de-todas-sus-salas-temporales-por-otras-de-mayor-eficiencia-energetica\/"},"modified":"2016-03-21T00:00:00","modified_gmt":"2016-03-21T00:00:00","slug":"el-marq-cambia-las-luces-de-todas-sus-salas-temporales-por-otras-de-mayor-eficiencia-energetica","status":"publish","type":"post","link":"https:\/\/marqalicante-admin.qwair.com\/va\/el-marq-cambia-las-luces-de-todas-sus-salas-temporales-por-otras-de-mayor-eficiencia-energetica\/","title":{"rendered":"El MARQ canvia els llums de totes les sales temporals per altres de m\u00e9s efici\u00e8ncia energ\u00e8tica"},"content":{"rendered":"<p>&nbsp;&nbsp;<\/p>\n<p><img alt='' src='\/contenido\/genericas\/sala permanentePREHISTORIA.JPG' style='width: 250px; height: 166px;' \/><\/p>\n<p>&nbsp;<\/p>\n<p style='text-align: justify;'>&nbsp; &nbsp; &nbsp; &nbsp; &nbsp; &nbsp; El Museu Arqueol\u00f2gic d&#039;Alacant es troba en plena fase de <strong>substituci\u00f3 de la il\u00b7luminaci\u00f3<\/strong> existent als seus <strong>cinc sales permanents<\/strong> per <strong>una altra m\u00e9s efica\u00e7 de tipus LED<\/strong>. El projecte, reclamat pels visitants, i dotat amb un pressupost de 214.602 euros, reportar\u00e0, a m\u00e9s, menors consums el\u00e8ctrics i <strong>menys emissions de gasos d&#039;efectes hivernacle<\/strong> a l&#039;atmosfera.<\/p>\n<p style='text-align: justify;'>&nbsp;&nbsp;&nbsp;&nbsp;&nbsp;&nbsp;&nbsp;&nbsp; El director del Museu, <strong>Manuel Olcina<\/strong>, ha assenyalat que moltes peces i espais de les sales esmentades quedaven deficientment il\u00b7luminades i era dif\u00edcil per als visitants <strong>distingir-ne o apreciar-ne el valor est\u00e8tic o hist\u00f2ric<\/strong>. Aix\u00ed mateix, a les <strong>enquestes<\/strong> que el MARQ posa a disposici\u00f3 del p\u00fablic, <strong>aquesta car\u00e8ncia era una de les m\u00e9s reflectides<\/strong>.<\/p>\n<p style='text-align: justify;'>&nbsp; &nbsp; &nbsp; &nbsp; &nbsp; &nbsp;En aquest sentit, segons ha explicat Olcina, \u201c<u>en canvi, el canvi d&#039;il\u00b7luminaci\u00f3 suposar\u00e0 una reinauguraci\u00f3 de l&#039;exposici\u00f3 permanent del Museu. A la pr\u00e0ctica de la museografia, la il\u00b7luminaci\u00f3 \u00e9s un dels aspectes fonamentals per aconseguir que una exposici\u00f3 sigui atractiva, ja que en dep\u00e8n en molts casos transmetre o incrementar emocions al p\u00fablic que les contempla, aix\u00ed com permetre distingir amb nitidesa els recursos de text o gr\u00e0fics<\/u>\u201d. &nbsp;<\/p>\n<p style='text-align: justify;'>&nbsp; &nbsp; &nbsp; &nbsp; Un altre motiu que ha portat a realitzar aquest treball \u00e9s el <strong>baix consum<\/strong> que suposar\u00e0 la implantaci\u00f3 d&#039;aquestes llums, tant de <strong>cost energ\u00e8tic<\/strong> -la tecnologia LED- com de <strong>nombre de projectors<\/strong>. Al <strong>estalvi anual<\/strong>estimat amb la substituci\u00f3 de les antigues llumin\u00e0ries, proper als <strong>48.000 euros<\/strong>, s&#039;uneix la <strong>reducci\u00f3 a l&#039;emissi\u00f3 de CO2 a l&#039;atmosfera<\/strong>, que passar\u00e0 de 221 a 6 tones a l&#039;any.<\/p>\n<p style='text-align: justify;'>&nbsp; &nbsp; &nbsp; &nbsp; Per elaborar aquest projecte, la <strong>direcci\u00f3 t\u00e8cnica del MARQ<\/strong>, <strong>els conservadors i diversos membres del personal t\u00e8cnic<\/strong> van acompanyar i assistir durant diverses jornades l&#039;enginyer encarregat de redactar-ho. Sala per sala, vitrina per vitrina, pe\u00e7a per pe\u00e7a, <strong>es va debatre conjuntament la millor manera d&#039;il\u00b7luminar-les<\/strong>. &nbsp;<\/p>\n<p style='text-align: justify;'>&nbsp; &nbsp; &nbsp;Aix\u00ed mateix, s&#039;ha posat especial atenci\u00f3 a l&#039;hora de <strong>compatibilitzar la substituci\u00f3 de centenars de projectors<\/strong>, ancorats al sostre de les sales, amb la <strong>preservaci\u00f3 dels objectes exposats<\/strong>. Olcina ha destacat que \u201c<u>l&#039;execuci\u00f3 es desenvolupa amb una cura extrema en les mesures de protecci\u00f3, sala per sala, de manera que nom\u00e9s una d&#039;elles, durant una setmana, romandr\u00e0 tancada. Un cop acabada una estada, els conservadors analitzaran el resultat abans de comen\u00e7ar amb la seg\u00fcent<\/u>\u201d.<\/p>\n<p style='text-align: justify;'>&nbsp; &nbsp; &nbsp; En aquest moment ha <strong>finalitzat l&#039;obra a la Sala de Prehist\u00f2ria<\/strong> que ja est\u00e0 oberta al p\u00fablic amb la <strong>nova il\u00b7luminaci\u00f3<\/strong>. Passada la Setmana Santa s&#039;escometr\u00e0 la Sala de <strong>Cultura Romana<\/strong> i abans de l&#039;estiu s&#039;hauran acabat la resta.&nbsp;<\/p>","protected":false},"excerpt":{"rendered":"<p>&nbsp;&nbsp; &nbsp; &nbsp; &nbsp; &nbsp; &nbsp; &nbsp; &nbsp; El Museo Arqueol&oacute;gico de Alicante se encuentra<span class=\"excerpt-hellip\"> [\u2026]<\/span><\/p>\n","protected":false},"author":3,"featured_media":0,"comment_status":"open","ping_status":"open","sticky":false,"template":"","format":"standard","meta":{"kia_subtitle":"","footnotes":""},"categories":[],"tags":[],"class_list":["post-33767","post","type-post","status-publish","format-standard","hentry"],"meta_box":[],"_links":{"self":[{"href":"https:\/\/marqalicante-admin.qwair.com\/va\/wp-json\/wp\/v2\/posts\/33767","targetHints":{"allow":["GET"]}}],"collection":[{"href":"https:\/\/marqalicante-admin.qwair.com\/va\/wp-json\/wp\/v2\/posts"}],"about":[{"href":"https:\/\/marqalicante-admin.qwair.com\/va\/wp-json\/wp\/v2\/types\/post"}],"author":[{"embeddable":true,"href":"https:\/\/marqalicante-admin.qwair.com\/va\/wp-json\/wp\/v2\/users\/3"}],"replies":[{"embeddable":true,"href":"https:\/\/marqalicante-admin.qwair.com\/va\/wp-json\/wp\/v2\/comments?post=33767"}],"version-history":[{"count":0,"href":"https:\/\/marqalicante-admin.qwair.com\/va\/wp-json\/wp\/v2\/posts\/33767\/revisions"}],"wp:attachment":[{"href":"https:\/\/marqalicante-admin.qwair.com\/va\/wp-json\/wp\/v2\/media?parent=33767"}],"wp:term":[{"taxonomy":"category","embeddable":true,"href":"https:\/\/marqalicante-admin.qwair.com\/va\/wp-json\/wp\/v2\/categories?post=33767"},{"taxonomy":"post_tag","embeddable":true,"href":"https:\/\/marqalicante-admin.qwair.com\/va\/wp-json\/wp\/v2\/tags?post=33767"}],"curies":[{"name":"wp","href":"https:\/\/api.w.org\/{rel}","templated":true}]}}