{"id":33764,"date":"2016-03-15T00:00:00","date_gmt":"2016-03-15T00:00:00","guid":{"rendered":"https:\/\/marqalicante-admin.qwair.com\/2016\/03\/15\/el-ministero-de-cultura-incluye-la-illeta-dels-banyets-y-su-entorno-entre-los-cien-paisajes-patrimoniales-de-espana\/"},"modified":"2016-03-15T00:00:00","modified_gmt":"2016-03-15T00:00:00","slug":"el-ministero-de-cultura-incluye-la-illeta-dels-banyets-y-su-entorno-entre-los-cien-paisajes-patrimoniales-de-espana","status":"publish","type":"post","link":"https:\/\/marqalicante-admin.qwair.com\/va\/el-ministero-de-cultura-incluye-la-illeta-dels-banyets-y-su-entorno-entre-los-cien-paisajes-patrimoniales-de-espana\/","title":{"rendered":"El Minister de Cultura inclou la Illeta dels Banyets i el seu entorn entre els cent paisatges patrimonials d\u00b4Espanya"},"content":{"rendered":"<p>&nbsp;<img alt='' src='\/contenido\/genericas\/Illeta(10).jpg' style='width: 190px; height: 144px;' \/><\/p>\n<p>&nbsp;<\/p>\n<p style='text-align: justify;'>&nbsp; &nbsp; El <strong>Ministeri de Cultura, Educaci\u00f3 i Esports <\/strong>ha seleccionat la <strong>Illeta dels Banyets<\/strong> com un dels entorns que formen el llibre <strong>\u201c100 Paisatges Culturals a Espanya\u201d<\/strong>, publicat recentment pel <strong>Institut del Patrimoni Cultural<\/strong> dependent del Ministeri dEducaci\u00f3, Cultura i Esports i emmarcat dins de les accions dutes a terme pel Pla Nacional del Paisatge Cultural.<\/p>\n<p style='text-align: justify;'>&nbsp; &nbsp; &nbsp; El MARQ ha impulsat la defensa d&#039;aquest paratge com a paisatge cultural des de l&#039;any 2012 i, com ha destacat el diputat de Cultura, <strong>C\u00e8sar Augusto Asencio<\/strong>, \u201c<u>la inclusi\u00f3 en aquest cat\u00e0leg important suposa el reconeixement nacional dels seus valors patrimonials, conservats en una resta de paisatge litoral greument amena\u00e7at per la pressi\u00f3 urban\u00edstica. A m\u00e9s, \u00e9s una porta al finan\u00e7ament, tant per part del Ministeri com de la Comissi\u00f3 Europea, amb vista a sufragar els projectes existents per a l&#039;entorn<\/u>\u201d.<\/p>\n<p style='text-align: justify;'>&nbsp; &nbsp; &nbsp; El paratge inclou el <strong>jaciment arqueol\u00f2gic<\/strong> declarat <strong>B\u00e9 d&#039;inter\u00e8s cultural<\/strong>, des de 1978, i els terrenys del voltant amb mostres d&#039;un important llegat cultural, representat per les restes d&#039;un poblat arg\u00e0ric pertanyent a la <strong>Edat de Bronze<\/strong>, la <strong>necr\u00f2polis i els alfars d&#039;\u00e8poca ib\u00e8rica<\/strong>, els <strong>vivers de peix romans<\/strong> aix\u00ed com una <strong>torre-vigia renaixentista<\/strong>, tamb\u00e9 declarat BIC. Al conjunt se suma, aix\u00ed mateix, el <strong>llegat etnol\u00f2gic<\/strong> que suposen les antigues coves de pescadors i el seu ric patrimoni immaterial amb llegendes al voltant de la reina mora o l&#039;arrelament del paratge a les festes locals de Moros i Cristians.<\/p>\n<p style='text-align: justify;'>&nbsp; La nova publicaci\u00f3 pret\u00e9n dur a terme una primera aproximaci\u00f3 al <strong>registre documental dels paisatges dinter\u00e8s cultural<\/strong>, amb ordre i precisi\u00f3, atenent una metodologia pr\u00e8viament establerta, que permeti la seva identificaci\u00f3 i documentaci\u00f3. &nbsp;<\/p>\n<p style='text-align: justify;'><strong><u>Conveni Europeu<\/u><\/strong><\/p>\n<p style='text-align: justify;'>&nbsp; &nbsp;A <strong>Flor\u00e8ncia<\/strong>, l&#039;any 2000, el <strong>Consell d&#039;Europa<\/strong> va adoptar el Conveni Europeu de Paisatge (CEP), primer tractat internacional espec\u00edfic sobre la mat\u00e8ria, que va entrar en vigor el 2004 i va ser ratificat per Espanya el 2007.<\/p>\n<p style='text-align: justify;'>&nbsp; &nbsp;En aquest context, el llavors <strong>Institut del Patrimoni Hist\u00f2ric Espanyol del Ministeri de Cultura<\/strong> va impulsar un programa espec\u00edfic de paisatges culturals que, m\u00e9s tard, acabaria materialitzant-se al Pla Nacional de Paisatge Cultural. L&#039;objectiu general del Pla \u00e9s la <strong>salvaguarda dels paisatges d&#039;inter\u00e8s cultural<\/strong>, afavorint mesures encaminades a garantir-ne la viabilitat, entre les quals s&#039;inclouen la <strong>sensibilitzaci\u00f3 social<\/strong> <strong>i pol\u00edtica<\/strong> o la <strong>cooperaci\u00f3 a diferents escales<\/strong>: internacional, nacional i regional<\/p>\n<p style='text-align: justify;'>&nbsp; &nbsp;Per fer aquest llibre es va elaborar un <strong>model de fitxa unificat i les comunitats aut\u00f2nomes<\/strong> es van encarregar de proposar els candidats a la categoria de Paisatge Cultural. Un cop rebuts i estudiats tots els paisatges, un comit\u00e8 d&#039;experts membres de la Comissi\u00f3 de Seguiment del Pla Nacional de Paisatge Cultural en va fer una selecci\u00f3 de cent que s\u00f3n l&#039;objecte d&#039;aquesta publicaci\u00f3.<\/p>","protected":false},"excerpt":{"rendered":"<p>&nbsp; &nbsp; &nbsp; &nbsp; El Ministerio de Cultura, Educaci&oacute;n y Deportes ha seleccionado la Illeta<span class=\"excerpt-hellip\"> [\u2026]<\/span><\/p>\n","protected":false},"author":3,"featured_media":0,"comment_status":"open","ping_status":"open","sticky":false,"template":"","format":"standard","meta":{"kia_subtitle":"","footnotes":""},"categories":[],"tags":[],"class_list":["post-33764","post","type-post","status-publish","format-standard","hentry"],"meta_box":[],"_links":{"self":[{"href":"https:\/\/marqalicante-admin.qwair.com\/va\/wp-json\/wp\/v2\/posts\/33764","targetHints":{"allow":["GET"]}}],"collection":[{"href":"https:\/\/marqalicante-admin.qwair.com\/va\/wp-json\/wp\/v2\/posts"}],"about":[{"href":"https:\/\/marqalicante-admin.qwair.com\/va\/wp-json\/wp\/v2\/types\/post"}],"author":[{"embeddable":true,"href":"https:\/\/marqalicante-admin.qwair.com\/va\/wp-json\/wp\/v2\/users\/3"}],"replies":[{"embeddable":true,"href":"https:\/\/marqalicante-admin.qwair.com\/va\/wp-json\/wp\/v2\/comments?post=33764"}],"version-history":[{"count":0,"href":"https:\/\/marqalicante-admin.qwair.com\/va\/wp-json\/wp\/v2\/posts\/33764\/revisions"}],"wp:attachment":[{"href":"https:\/\/marqalicante-admin.qwair.com\/va\/wp-json\/wp\/v2\/media?parent=33764"}],"wp:term":[{"taxonomy":"category","embeddable":true,"href":"https:\/\/marqalicante-admin.qwair.com\/va\/wp-json\/wp\/v2\/categories?post=33764"},{"taxonomy":"post_tag","embeddable":true,"href":"https:\/\/marqalicante-admin.qwair.com\/va\/wp-json\/wp\/v2\/tags?post=33764"}],"curies":[{"name":"wp","href":"https:\/\/api.w.org\/{rel}","templated":true}]}}