{"id":33755,"date":"2016-02-16T00:00:00","date_gmt":"2016-02-16T00:00:00","guid":{"rendered":"https:\/\/marqalicante-admin.qwair.com\/2016\/02\/16\/la-exposicion-cocentainaarqueologia-y-museos-se-podra-visitar-hasta-el-3-de-abril\/"},"modified":"2016-02-16T00:00:00","modified_gmt":"2016-02-16T00:00:00","slug":"la-exposicion-cocentainaarqueologia-y-museos-se-podra-visitar-hasta-el-3-de-abril","status":"publish","type":"post","link":"https:\/\/marqalicante-admin.qwair.com\/va\/la-exposicion-cocentainaarqueologia-y-museos-se-podra-visitar-hasta-el-3-de-abril\/","title":{"rendered":"L&#039;exposici\u00f3 \u00bb Cocentaina: Arqueologia i Museus\u00bb es podr\u00e0 visitar fins al 3 d&#039;abril"},"content":{"rendered":"<p><img alt='' src='\/contenido\/genericas\/IMG_2709.JPG' style='width: 250px; height: 141px;' \/><\/p>\n<p style='text-align: justify;'>&nbsp; L&#039;exposici\u00f3 Cocentaina Arqueologia i Museus es prorroga fins el proper diumenge 3 d&#039;abril juntament amb la Mostra Els Guardians de Pedra referida als Castells i Baluards de la prov\u00edncia.<\/p>\n<p style='text-align: justify;'>&nbsp; L&#039;exposici\u00f3 del patrimoni arqueol\u00f2gic, hist\u00f2ric i cultural de Cocentaina que es va inaugurar el 29 d&#039;octubre de 2015 passat, est\u00e0 composta per 270 peces, de les quals un nombre significatiu procedeix dels fons del Museu Arqueol\u00f2gic i Etn\u00f2logic del Comtat, mostra representativa de la import\u00e0ncia de la poblaci\u00f3 de Cocentaina i la seva comarca des de la Prehi.<\/p>\n<p style='text-align: justify;'>&nbsp; Com a descobriment singular destaca un relleu rom\u00e0 -trobat precisament en traslladar la pe\u00e7a al MARQ per restaurar-lo des del Museu Municipal del Palau Comtal- situat al revers de l&#039;escut dels Corella i que va ser portat des d&#039;It\u00e0lia a la seva resid\u00e8ncia a la vila Comtal per la mateixa fam\u00edlia.<\/p>\n<p style='text-align: justify;'>&nbsp; Amb car\u00e0cter excepcional la mostra expositiva presenta diverses peces \u00faniques com el Retaule de Santa B\u00e0rbara, o el privilegi concedit el 1346 per a celebraci\u00f3 de la Fira de Cocentaina, aix\u00ed com la partitura original de \u201cPaquito el Chocolatero\u201d del mestre Gustavo Pascual.<\/p>\n<p style='text-align: justify;'>&nbsp; Els escolars de Cocentaina s&#039;han despla\u00e7at fins al Museu d&#039;Alacant per contemplar l&#039;exposici\u00f3, a m\u00e9s d&#039;haver fet m\u00e9s de 200 visites guiades per a altres col\u00b7lectius. Durant el mes de gener el MARQ va rebre 5.800 visites la majoria de les quals van visitar les dues sales en qu\u00e8 est\u00e0 dividida la Mostra.<\/p>\n<p style='text-align: justify;'>&nbsp;Per a la mateixa data, el 3 d&#039;abril, est\u00e0 prevista la pr\u00f2rroga de l&#039;exposici\u00f3 Els Guardians de Pedra. Aquesta exposici\u00f3 \u00e9s de car\u00e0cter itinerant i t\u00e9 un nou disseny que en fa f\u00e0cil el trasllat i participatiu per a les poblacions que l&#039;acullin.<\/p>\n<p style='text-align: justify;'>&nbsp;<\/p>","protected":false},"excerpt":{"rendered":"<p>&nbsp; La exposici&oacute;n &ldquo;Cocentaina Arqueolog&iacute;a y Museos&rdquo; se prorroga hasta el pr&oacute;ximo domingo 3 de<span class=\"excerpt-hellip\"> [\u2026]<\/span><\/p>\n","protected":false},"author":3,"featured_media":0,"comment_status":"open","ping_status":"open","sticky":false,"template":"","format":"standard","meta":{"kia_subtitle":"","footnotes":""},"categories":[],"tags":[],"class_list":["post-33755","post","type-post","status-publish","format-standard","hentry"],"meta_box":[],"_links":{"self":[{"href":"https:\/\/marqalicante-admin.qwair.com\/va\/wp-json\/wp\/v2\/posts\/33755","targetHints":{"allow":["GET"]}}],"collection":[{"href":"https:\/\/marqalicante-admin.qwair.com\/va\/wp-json\/wp\/v2\/posts"}],"about":[{"href":"https:\/\/marqalicante-admin.qwair.com\/va\/wp-json\/wp\/v2\/types\/post"}],"author":[{"embeddable":true,"href":"https:\/\/marqalicante-admin.qwair.com\/va\/wp-json\/wp\/v2\/users\/3"}],"replies":[{"embeddable":true,"href":"https:\/\/marqalicante-admin.qwair.com\/va\/wp-json\/wp\/v2\/comments?post=33755"}],"version-history":[{"count":0,"href":"https:\/\/marqalicante-admin.qwair.com\/va\/wp-json\/wp\/v2\/posts\/33755\/revisions"}],"wp:attachment":[{"href":"https:\/\/marqalicante-admin.qwair.com\/va\/wp-json\/wp\/v2\/media?parent=33755"}],"wp:term":[{"taxonomy":"category","embeddable":true,"href":"https:\/\/marqalicante-admin.qwair.com\/va\/wp-json\/wp\/v2\/categories?post=33755"},{"taxonomy":"post_tag","embeddable":true,"href":"https:\/\/marqalicante-admin.qwair.com\/va\/wp-json\/wp\/v2\/tags?post=33755"}],"curies":[{"name":"wp","href":"https:\/\/api.w.org\/{rel}","templated":true}]}}