{"id":33750,"date":"2016-01-29T00:00:00","date_gmt":"2016-01-29T00:00:00","guid":{"rendered":"https:\/\/marqalicante-admin.qwair.com\/2016\/01\/29\/cesar-sanchezel-gobierno-provincial-ejecutara-en-2016-un-presupuesto-elaborado-para-atender-las-necesidades-de-los-pueblos\/"},"modified":"2016-01-29T00:00:00","modified_gmt":"2016-01-29T00:00:00","slug":"cesar-sanchezel-gobierno-provincial-ejecutara-en-2016-un-presupuesto-elaborado-para-atender-las-necesidades-de-los-pueblos","status":"publish","type":"post","link":"https:\/\/marqalicante-admin.qwair.com\/va\/cesar-sanchezel-gobierno-provincial-ejecutara-en-2016-un-presupuesto-elaborado-para-atender-las-necesidades-de-los-pueblos\/","title":{"rendered":"C\u00e9sar S\u00e1nchez: El Govern Provincial executar\u00e0 el 2016 un pressupost elaborat per atendre les necessitats dels pobles"},"content":{"rendered":"<p style='text-align: center;'>&nbsp; &nbsp; &nbsp;<\/p>\n<p style='text-align: center;'><img alt='' src='\/contenido\/genericas\/IMG_2606(2).JPG' style='width: 400px; height: 209px;' \/><\/p>\n<p style='text-align: justify;'>&nbsp;<\/p>\n<p style='text-align: justify;'>&nbsp; &nbsp; &nbsp; El president de la Diputaci\u00f3 d&#039;Alacant, <strong>C\u00e9sar S\u00e1nchez<\/strong>, ha mantingut aquest mat\u00ed una reuni\u00f3 de treball al MARQ amb tots els membres del seu equip de govern per <strong>coordinar l&#039;execuci\u00f3 dels diferents projectes<\/strong> recollits al pressupost que ha elaborat el Govern Provincial per al 2016. Els diputats han exposat, amb detall, les diferents iniciatives que es volen desenvolupar des de les seves respectives \u00e0rees i els objectius que s&#039;han marcat per a aquest exercici.<\/p>\n<p style='text-align: justify;'>&nbsp; &nbsp; &nbsp; S\u00e1nchez ha destacat la import\u00e0ncia d&#039;impulsar aquest tipus de trobades per, entre tots, aportar les idees que ens permetin optimitzar els recursos de qu\u00e8 disposa la instituci\u00f3 provincial i establir-ne una planificaci\u00f3 en l&#039;execuci\u00f3.<\/p>\n<p style='text-align: justify;'>\u201c<u>El Govern Provincial executar\u00e0 aquest any un pressupost que s&#039;ha confeccionat amb l&#039;objectiu d&#039;atendre i cobrir les necessitats dels pobles alacantins i ajudar a millorar el benestar de les persones<\/u>\u201d, ha destacat el president.<\/p>\n<p style='text-align: justify;'>&nbsp; &nbsp; &nbsp;El pressupost de la Diputaci\u00f3 d&#039;Alacant aprovat inicialment en un ple el 30 de desembre passat tornar\u00e0 a ser sotm\u00e8s a sessi\u00f3 plen\u00e0ria, per al seu <strong>aprovaci\u00f3 definitiva, dimecres que ve 3 de febrer<\/strong>, entrant en vigor una vegada es publiqui al Butllet\u00ed Oficial de la Prov\u00edncia.<\/p>\n<p style='text-align: justify;'>&nbsp; &nbsp; &nbsp;El pressupost de la Diputaci\u00f3 d&#039;Alacant per a aquest any ascendeix a <strong>189,7 milions d?euros <\/strong>al cap\u00edtol de despeses i s&#039;ha fixat com a prioritat la <strong>atenci\u00f3 als ciutadans<\/strong> per tal de millorar el seu benestar<\/p>\n<p style='text-align: justify;'>&nbsp;<\/p>\n<p style='text-align: justify;'>&nbsp;<\/p>\n<p style='text-align: justify;'>&nbsp;<\/p>\n<p style='text-align: justify;'>&nbsp;<\/p>\n<p style='text-align: justify;'>i el <strong>suport als 141 municipis de la prov\u00edncia<\/strong>. A m\u00e9s, durant el 2016 es posaran en marxa noves convocat\u00f2ries d&#039;ajuts i s&#039;executaran ambiciosos projectes amb qu\u00e8 el Govern Provincial vol contribuir al desenvolupament econ\u00f2mic del nostre territori.<\/p>\n<p style='text-align: justify;'>&nbsp;<\/p>\n<p style='text-align: justify;'>En aquest sentit, el president ha incidit que es tracta d&#039;uns <strong>pressupostos rigorosos i equilibrats<\/strong> on les \u00e0rees de Fam\u00edlia i Ciutadania i Benestar de les Persones concentren el 20% de la despesa. En total <strong>33,6 milions d&#039;euros<\/strong> que es destinaran a <strong>millorar la qualitat de vida dels ciutadans<\/strong> a trav\u00e9s de programes com el Programa de <strong>Teleassist\u00e8ncia<\/strong> -2.155.930 euros i 7.400 terminals- o les convocat\u00f2ries d&#039;acci\u00f3 social adre\u00e7ades als ajuntaments i les associacions dotades amb 5,4 milions d&#039;euros.<\/p>\n<p style='text-align: justify;'>&nbsp;<\/p>\n<p style='text-align: justify;'>El <strong>municipalisme<\/strong>, tal com ha explicat el president, \u00e9s l&#039;altre gran eix d&#039;aquest pressupost. S&#039;invertiran m\u00e9s de <strong>45 milions d&#039;euros<\/strong>, davant dels 40 milions del 2015, en ajudes i inversions per a entitats locals. Nom\u00e9s els <strong>plans d&#039;obres i serveis injectaran 28,8 milions<\/strong> d&#039;euros als ajuntaments i mancomunitats alacantines.<\/p>\n<p style='text-align: justify;'>&nbsp;<\/p>\n<p style='text-align: justify;'>Els comptes del 2016, amb zero c\u00e0rregues financeres, se sustentaran, finalment sobre un tercer gran pilar; el de <strong>contribuir al desenvolupament econ\u00f2mic de la prov\u00edncia<\/strong>. En aquest \u00e0mbit, el Govern Provincial posar\u00e0 en marxa diferents projectes que, amb m\u00e9s de 3 milions d&#039;euros, afavoriran la reindustrialitzaci\u00f3 del territori i la millora del proc\u00e9s productiu. En aquest sentit, S\u00e1nchez ha tornat a incidir que aquest any veuran la llum projectes com la <strong>Ag\u00e8ncia de Salut i Dieta Mediterr\u00e0nia<\/strong>, el <strong>Impuls de la Compra Innovadora i Responsabilitat Social Corporativa<\/strong> o el <strong>Co-Working Provincial<\/strong>. A m\u00e9s, el 2016 es constituir\u00e0 l&#039;equip redactor que defineixi la inversi\u00f3 necess\u00e0ria per al desenvolupament de la <strong>Zona Franca del Port dAlacant.&nbsp; <\/strong><\/p>\n<p style='text-align: justify;'>&nbsp;&nbsp;&nbsp;&nbsp;&nbsp;&nbsp;&nbsp;&nbsp;&nbsp;&nbsp;&nbsp;&nbsp;&nbsp;<\/p>","protected":false},"excerpt":{"rendered":"<p>&nbsp; &nbsp; &nbsp; &nbsp; &nbsp; &nbsp; &nbsp; El presidente de la Diputaci&oacute;n de Alicante, C&eacute;sar<span class=\"excerpt-hellip\"> [\u2026]<\/span><\/p>\n","protected":false},"author":3,"featured_media":0,"comment_status":"open","ping_status":"open","sticky":false,"template":"","format":"standard","meta":{"kia_subtitle":"","footnotes":""},"categories":[],"tags":[],"class_list":["post-33750","post","type-post","status-publish","format-standard","hentry"],"meta_box":[],"_links":{"self":[{"href":"https:\/\/marqalicante-admin.qwair.com\/va\/wp-json\/wp\/v2\/posts\/33750","targetHints":{"allow":["GET"]}}],"collection":[{"href":"https:\/\/marqalicante-admin.qwair.com\/va\/wp-json\/wp\/v2\/posts"}],"about":[{"href":"https:\/\/marqalicante-admin.qwair.com\/va\/wp-json\/wp\/v2\/types\/post"}],"author":[{"embeddable":true,"href":"https:\/\/marqalicante-admin.qwair.com\/va\/wp-json\/wp\/v2\/users\/3"}],"replies":[{"embeddable":true,"href":"https:\/\/marqalicante-admin.qwair.com\/va\/wp-json\/wp\/v2\/comments?post=33750"}],"version-history":[{"count":0,"href":"https:\/\/marqalicante-admin.qwair.com\/va\/wp-json\/wp\/v2\/posts\/33750\/revisions"}],"wp:attachment":[{"href":"https:\/\/marqalicante-admin.qwair.com\/va\/wp-json\/wp\/v2\/media?parent=33750"}],"wp:term":[{"taxonomy":"category","embeddable":true,"href":"https:\/\/marqalicante-admin.qwair.com\/va\/wp-json\/wp\/v2\/categories?post=33750"},{"taxonomy":"post_tag","embeddable":true,"href":"https:\/\/marqalicante-admin.qwair.com\/va\/wp-json\/wp\/v2\/tags?post=33750"}],"curies":[{"name":"wp","href":"https:\/\/api.w.org\/{rel}","templated":true}]}}