{"id":33744,"date":"2015-12-21T00:00:00","date_gmt":"2015-12-21T00:00:00","guid":{"rendered":"https:\/\/marqalicante-admin.qwair.com\/2015\/12\/21\/un-total-de-16-430-personas-visitan-las-actividades-navidenas-del-palacio-provincial-durante-el-fin-de-semana\/"},"modified":"2015-12-21T00:00:00","modified_gmt":"2015-12-21T00:00:00","slug":"un-total-de-16-430-personas-visitan-las-actividades-navidenas-del-palacio-provincial-durante-el-fin-de-semana","status":"publish","type":"post","link":"https:\/\/marqalicante-admin.qwair.com\/va\/un-total-de-16-430-personas-visitan-las-actividades-navidenas-del-palacio-provincial-durante-el-fin-de-semana\/","title":{"rendered":"Un total de 16.430 persones visiten les activitats nadalenques del Palau Provincial durant el cap de setmana"},"content":{"rendered":"<p>&nbsp;<\/p>\n<div><img alt='' src='\/contenido\/genericas\/122115 santa claus.jpg' style='width: 225px; height: 150px;' \/><\/div>\n<div>\n<p style='text-align: justify;'>&nbsp; &nbsp; &nbsp; &nbsp; &nbsp; &nbsp;Aquest any la <strong>Nadal<\/strong> es viu a la Diputaci\u00f3 d&#039;Alacant. Aix\u00ed ho demostren les xifres de visites que el cap de setmana passat va registrar el <strong>Palau Provincial<\/strong>, al qual van acudir <strong>un total de 16.430 persones<\/strong> per gaudir d&#039;algunes de les activitats que ha preparat el Govern Provincial amb motiu de les festes nadalenques, fins al proper 6 de gener.<\/p>\n<p style='text-align: justify;'>&nbsp; &nbsp; &nbsp; &nbsp; &nbsp; &nbsp;Un <strong>mercat ambulant nadalenc<\/strong>, compost per m\u00e9s de 60 parades de productes t\u00edpics com torrons, artesania, castanyeres, marroquineria o bijuteria, la casa de <strong>Santa Claus<\/strong>, <strong>canons de neu<\/strong>, contacontes, els <strong>tallers musicals<\/strong> i la tradicional <strong>exposici\u00f3 de pessebres<\/strong> formada per escenes bel\u00b7len\u00edstiques de diferents estils i dimensions, s\u00f3n algunes de les propostes que han centrat l&#039;atenci\u00f3 dels visitants aquests dies previs a la nit de Nadal.<\/p>\n<p style='text-align: justify;'>&nbsp; &nbsp; El diputat de Presid\u00e8ncia, Economia i Relacions Institucionals, <strong>Carlos Castell<\/strong>, ha qualificat de <u>\u201c\u00e8xit rotund\u201d<\/u> la iniciativa duta a terme pel Govern Provincial \u201c<u>amb l&#039;objectiu de qu<\/u>e <u>convertir el Palau Provincial i els seus jardins en un punt de trobada per a tots els ciutadans dels 141 municipis alacantins<\/u>\u201d i, ha assegurat que \u201c<u>s&#039;han superat totes les expectatives<\/u>\u201d. &nbsp;<\/p>\n<p style='text-align: justify;'>&nbsp; &nbsp; &nbsp;Al costat de les activitats previstes a la seu principal de la instituci\u00f3 provincial, la Diputaci\u00f3 d&#039;Alacant ha organitzat fins a 139 <strong>activitats culturals<\/strong> a altres centres com el Marq, l&#039;ADDA, el Mubag o el MUBOMA.&nbsp;<\/p>\n<\/div>","protected":false},"excerpt":{"rendered":"<p>&nbsp; &nbsp; &nbsp; &nbsp; &nbsp; &nbsp; &nbsp;Este a&ntilde;o la Navidad se vive en la Diputaci&oacute;n<span class=\"excerpt-hellip\"> [\u2026]<\/span><\/p>\n","protected":false},"author":3,"featured_media":0,"comment_status":"open","ping_status":"open","sticky":false,"template":"","format":"standard","meta":{"kia_subtitle":"","footnotes":""},"categories":[],"tags":[],"class_list":["post-33744","post","type-post","status-publish","format-standard","hentry"],"meta_box":[],"_links":{"self":[{"href":"https:\/\/marqalicante-admin.qwair.com\/va\/wp-json\/wp\/v2\/posts\/33744","targetHints":{"allow":["GET"]}}],"collection":[{"href":"https:\/\/marqalicante-admin.qwair.com\/va\/wp-json\/wp\/v2\/posts"}],"about":[{"href":"https:\/\/marqalicante-admin.qwair.com\/va\/wp-json\/wp\/v2\/types\/post"}],"author":[{"embeddable":true,"href":"https:\/\/marqalicante-admin.qwair.com\/va\/wp-json\/wp\/v2\/users\/3"}],"replies":[{"embeddable":true,"href":"https:\/\/marqalicante-admin.qwair.com\/va\/wp-json\/wp\/v2\/comments?post=33744"}],"version-history":[{"count":0,"href":"https:\/\/marqalicante-admin.qwair.com\/va\/wp-json\/wp\/v2\/posts\/33744\/revisions"}],"wp:attachment":[{"href":"https:\/\/marqalicante-admin.qwair.com\/va\/wp-json\/wp\/v2\/media?parent=33744"}],"wp:term":[{"taxonomy":"category","embeddable":true,"href":"https:\/\/marqalicante-admin.qwair.com\/va\/wp-json\/wp\/v2\/categories?post=33744"},{"taxonomy":"post_tag","embeddable":true,"href":"https:\/\/marqalicante-admin.qwair.com\/va\/wp-json\/wp\/v2\/tags?post=33744"}],"curies":[{"name":"wp","href":"https:\/\/api.w.org\/{rel}","templated":true}]}}