{"id":33735,"date":"2015-11-02T00:00:00","date_gmt":"2015-11-02T00:00:00","guid":{"rendered":"https:\/\/marqalicante-admin.qwair.com\/2015\/11\/02\/el-marq-ofrece-un-completo-circuito-en-materia-de-accesibilidad-para-visitar-la-exposicion-de-cocentaina\/"},"modified":"2015-11-02T00:00:00","modified_gmt":"2015-11-02T00:00:00","slug":"el-marq-ofrece-un-completo-circuito-en-materia-de-accesibilidad-para-visitar-la-exposicion-de-cocentaina","status":"publish","type":"post","link":"https:\/\/marqalicante-admin.qwair.com\/va\/el-marq-ofrece-un-completo-circuito-en-materia-de-accesibilidad-para-visitar-la-exposicion-de-cocentaina\/","title":{"rendered":"El MARQ ofereix un circuit complet en mat\u00e8ria d&#039;accessibilitat per visitar l&#039;exposici\u00f3 de Cocentaina"},"content":{"rendered":"<p><img alt='' src='\/contenido\/genericas\/103015 accesibilidad cocentaina 2.jpg' style='width: 225px; height: 150px;' \/>&nbsp;<\/p>\n<ul>\n<li>El Museu posa a disposici\u00f3 dels usuaris visites guiades a Llengua de signes i recorreguts descriptius per a persones amb discapacitat auditiva o visual<\/li>\n<li>Les sales inclouen un pla t\u00e0ctil, aix\u00ed com l\u00e0mines, maquetes i quadres amb relleu d&#039;algunes de les peces exposades<\/li>\n<li>En la distribuci\u00f3 i organitzaci\u00f3 dels elements han col\u00b7laborat l&#039;ONCE, la Fundaci\u00f3 FESORD i l&#039;APESOA<\/li>\n<\/ul>\n<p style='text-align: justify;'><strong>&nbsp; &nbsp; &nbsp; &nbsp;&nbsp;<\/strong>La nova exposici\u00f3 \u201c<strong>Cocentaina, Arqueologia i Museu<\/strong>\u201d, que acull el MARQ <strong>fins al proper 14 de febrer,<\/strong> compta amb diferents actuacions perqu\u00e8 els visitants amb capacitats diferents puguin gaudir del destacat patrimoni hist\u00f2ric i cultural del municipi del Comtat. La planificaci\u00f3 ha comptat tant amb l&#039;assessorament del Centre de Recursos Educatius de <strong>Onze Alacant<\/strong>, com amb el de la <strong>Federaci\u00f3 de Persones Sordes<\/strong> de la Comunitat Valenciana (Fundaci\u00f3 FESORD) i la <strong>Associaci\u00f3 de Persones Sordes de L&#039;Alacant\u00ed<\/strong> (APESOA).<\/p>\n<p style='text-align: justify;'>&nbsp;&nbsp;&nbsp;&nbsp;&nbsp;&nbsp;&nbsp;&nbsp; La mostra fa un recorregut exhaustiu pel patrimoni cultural i hist\u00f2ric de Cocentaina, amb peces clau com el <strong>Retaule de Santa B\u00e0rbara<\/strong>, obra del segle XV que ha cedit l&#039;Ajuntament per a l&#039;ocasi\u00f3, la <strong>B\u00edblia Sacra<\/strong>, el <strong>Privilegi de Concessi\u00f3 de Fira a Cocentaina de 1346<\/strong> o la partitura original de la marxa <strong>&#039;Paquet el xocolater&#039;<\/strong>. El MARQ ha posat a disposici\u00f3 de les <strong>persones amb diversitat funcional visual<\/strong> l\u00e0mines amb relleu juntament amb <strong>textos descriptius a Braille<\/strong> en alguns dels elements m\u00e9s significatius, incl\u00f2s el que s&#039;ha convertit en centre de l&#039;exposici\u00f3 despr\u00e9s de la troballa d&#039;un fris rom\u00e0 a la part posterior, <strong>escut de la fam\u00edlia Corella<\/strong>.<\/p>\n<p style='text-align: justify;'>&nbsp;&nbsp;&nbsp;&nbsp;&nbsp;&nbsp;&nbsp;&nbsp; Per a m\u00e9s aprofitament i gaudi de la visita, el museu ha posat a disposici\u00f3 dels usuaris <strong>un pla t\u00e0ctil<\/strong> situat a l&#039;entrada de cadascuna de les sales, <strong>maquetes<\/strong> t\u00e0ctils com la que reprodueix la distribuci\u00f3 urban\u00edstica de Cocentaina al segle XIV o quadres en relleu, entre els quals hi ha la <strong>&#039;Mare de D\u00e9u del Miracle&#039;<\/strong>-.<\/p>\n<p style='text-align: justify;'>&nbsp;&nbsp;&nbsp;&nbsp;&nbsp;&nbsp;&nbsp;&nbsp; D&#039;altra banda, est\u00e0 previst adaptar els <strong>audiovisuals a Llengua de signes<\/strong> perqu\u00e8 les persones sordes puguin accedir al contingut de l&#039;exposici\u00f3 i, per primera vegada, s&#039;hi han instal\u00b7lat els <strong>punts d&#039;int\u00e8rpret<\/strong>, <strong>localitzacions amb una llum adequada<\/strong> perqu\u00e8 els usuaris puguin accedir millor a l&#039;explicaci\u00f3 dels continguts.<\/p>\n<p style='text-align: justify;'>&nbsp; &nbsp; &nbsp;Finalment, cal destacar que com <strong>activitats complement\u00e0ries<\/strong> s&#039;han disposat <strong>visites guiades a Llengua de signes<\/strong>, amb la col\u00b7laboraci\u00f3 d&#039;APESOA, i <strong>visites descriptives<\/strong> per a les persones amb discapacitat visual.<\/p>\n<p style='text-align: justify;'>&nbsp;<\/p>\n<p style='text-align: justify;'>&nbsp;<\/p>\n<p style='text-align: justify;'>&nbsp;<\/p>\n<p style='text-align: justify;'>&nbsp;<\/p>","protected":false},"excerpt":{"rendered":"<p>&nbsp; El Museo pone a disposici&oacute;n de los usuarios visitas guiadas en Lengua de signos<span class=\"excerpt-hellip\"> [\u2026]<\/span><\/p>\n","protected":false},"author":3,"featured_media":0,"comment_status":"open","ping_status":"open","sticky":false,"template":"","format":"standard","meta":{"kia_subtitle":"","footnotes":""},"categories":[],"tags":[],"class_list":["post-33735","post","type-post","status-publish","format-standard","hentry"],"meta_box":[],"_links":{"self":[{"href":"https:\/\/marqalicante-admin.qwair.com\/va\/wp-json\/wp\/v2\/posts\/33735","targetHints":{"allow":["GET"]}}],"collection":[{"href":"https:\/\/marqalicante-admin.qwair.com\/va\/wp-json\/wp\/v2\/posts"}],"about":[{"href":"https:\/\/marqalicante-admin.qwair.com\/va\/wp-json\/wp\/v2\/types\/post"}],"author":[{"embeddable":true,"href":"https:\/\/marqalicante-admin.qwair.com\/va\/wp-json\/wp\/v2\/users\/3"}],"replies":[{"embeddable":true,"href":"https:\/\/marqalicante-admin.qwair.com\/va\/wp-json\/wp\/v2\/comments?post=33735"}],"version-history":[{"count":0,"href":"https:\/\/marqalicante-admin.qwair.com\/va\/wp-json\/wp\/v2\/posts\/33735\/revisions"}],"wp:attachment":[{"href":"https:\/\/marqalicante-admin.qwair.com\/va\/wp-json\/wp\/v2\/media?parent=33735"}],"wp:term":[{"taxonomy":"category","embeddable":true,"href":"https:\/\/marqalicante-admin.qwair.com\/va\/wp-json\/wp\/v2\/categories?post=33735"},{"taxonomy":"post_tag","embeddable":true,"href":"https:\/\/marqalicante-admin.qwair.com\/va\/wp-json\/wp\/v2\/tags?post=33735"}],"curies":[{"name":"wp","href":"https:\/\/api.w.org\/{rel}","templated":true}]}}