{"id":33729,"date":"2015-10-16T00:00:00","date_gmt":"2015-10-16T00:00:00","guid":{"rendered":"https:\/\/marqalicante-admin.qwair.com\/2015\/10\/16\/la-catedra-de-gestion-sanitaria-de-la-umh-de-elche-premia-al-marq-en-el-dia-internacional-del-baston-blanco\/"},"modified":"2015-10-16T00:00:00","modified_gmt":"2015-10-16T00:00:00","slug":"la-catedra-de-gestion-sanitaria-de-la-umh-de-elche-premia-al-marq-en-el-dia-internacional-del-baston-blanco","status":"publish","type":"post","link":"https:\/\/marqalicante-admin.qwair.com\/va\/la-catedra-de-gestion-sanitaria-de-la-umh-de-elche-premia-al-marq-en-el-dia-internacional-del-baston-blanco\/","title":{"rendered":"La C\u00e0tedra de Gesti\u00f3 Sanit\u00e0ria de la UMH d&#039;Elx premia el MARQ el Dia Internacional del Bast\u00f3 Blanc"},"content":{"rendered":"<p style='text-align: center;'>&nbsp; &nbsp; &nbsp;<img alt='' src='\/contenido\/genericas\/IMG_1790.JPG' style='width: 350px; height: 296px;' \/><\/p>\n<p style='text-align: justify;'>&nbsp;<\/p>\n<p style='text-align: justify;'>&nbsp; &nbsp; &nbsp;La <strong>C\u00e0tedra <\/strong>de propera constituci\u00f3&nbsp;<strong>de Gesti\u00f3 Sanit\u00e0ria Francisco Carre\u00f1o<\/strong> de la Universitat Miguel Hern\u00e1ndez d&#039;Elx va concedir ahir dijous, 15 d&#039;octubre, el <strong>Premi Bast\u00f3 Blanc<\/strong> al Museu Arqueol\u00f2gic d&#039;Alacant, <strong>MARQ<\/strong>, per la seva important tasca dins del camp de l&#039;accessibilitat i com a museu de refer\u00e8ncia en aquest camp. El premi, un bust realitzat pel conegut escultor <strong>Jos\u00e9 Azor\u00edn<\/strong>, va ser lliurat pel President de <strong>ASISA-Lavinia<\/strong>, <strong>Dr. Francisco Ivorra<\/strong>, al Diputat de Cultura de la Diputaci\u00f3 d&#039;Alacant, Sr. C\u00e9sar Augusto Asencio<\/p>\n<p style='text-align: justify;'>&nbsp; &nbsp; &nbsp; &nbsp; &nbsp; &nbsp;La I edici\u00f3 d&#039;aquest premi s&#039;emmarca dins dels objectius de la c\u00e0tedra, que es constituir\u00e0 ben aviat sota l&#039;empara de la <strong>Universitat Miguel Hern\u00e1ndez d&#039;Elx<\/strong>, de conscienciar les persones sobre les dificultats i reptes de la vida di\u00e0ria dels invidents.<\/p>\n<p style='text-align: justify;'>&nbsp; &nbsp; &nbsp; &nbsp; &nbsp;El <strong>Ajuntament d&#039;Alacant<\/strong>, per la seva banda, va ser obsequiat per la <strong>ONZE<\/strong> &nbsp;amb una placa de <strong>Nivell 0<\/strong> escrita a <strong>Braille<\/strong> per col\u00b7locar al costat de la placa original que mesura la refer\u00e8ncia d&#039;altitud a nivell del mar a tot el pa\u00eds. Va rebre la Placa la Regidora de Turisme, <strong>Eva Montesinos Mas<\/strong>.<\/p>\n<p style='text-align: justify;'>&nbsp; &nbsp; &nbsp; &nbsp; &nbsp; &nbsp;Una altra iniciativa de l&#039;acte va ser el lliurament, per part del <strong>Patronat de Turisme<\/strong> de la Diputaci\u00f3 d&#039;Alacant, de la <strong>&#039;Carta a Cegues&#039;<\/strong>, \u00e9s a dir la carta gastron\u00f2mica de cadascun dels restaurants m\u00e9s coneguts de la ciutat tradu\u00efdes al Braille. Els restaurants van ser Monastrell, Rac\u00f3 del Gourmet, El Maestral, Aldebaran, Nou Manol\u00edn, Piripi, El Portal, Marmarela, Val\u00e8ncia 11, Cant\u00f3, One-One, Mavi, D\u00e0rsena, Sant Rocco i Els Vents.<\/p>\n<p style='text-align: justify;'>&nbsp; &nbsp; &nbsp; &nbsp; &nbsp; El Bast\u00f3 Blanc \u00e9s un s\u00edmbol que tots associem al camp dels invidents. Per aquesta ra\u00f3 el premi se li atorga a una persona o instituci\u00f3 que hagi manifestat la seva sensibilitat personal o col\u00b7lectiva posant en pr\u00e0ctica alguna iniciativa dins aquest camp. Es tracta de la 1a Edici\u00f3 d&#039;aquest premi que impulsa la c\u00e0tedra i que t\u00e9 l&#039;objectiu d&#039;institucionalitzar cada 15 d&#039;octubre el <strong>Dia del Bast\u00f3 Blanc.<\/strong><\/p>\n<p style='text-align: justify;'>&nbsp; &nbsp; &nbsp; &nbsp; Les institucions que han possibilitat aquest premi s\u00f3n diverses. D&#039;una banda, l&#039;asseguradora sanit\u00e0ria <strong>ASISA-Lavinia<\/strong> la qual finan\u00e7a la c\u00e0tedra \u00edntegrament, dins del seu comprom\u00eds amb els discapacitats (\u00e9s l&#039;\u00fanic grup assegurador que t\u00e9 el Certificat Europeu <strong>DISCERT<\/strong> que la reconeix com a empresa socialment responsable amb el col\u00b7lectiu de les persones discapacitades). D&#039;altra banda, la&nbsp;<strong>Universitat Miguel Hern\u00e1ndez d&#039;Elx (UMH)<\/strong> oferint suport acad\u00e8mic a la catedra amb tots els seus actius a favor d&#039;aquestes iniciatives. L&#039;Organitzaci\u00f3 Nacional de Cecs Espanyols (<strong>ONZE<\/strong>) prestant tamb\u00e9 el seu suport institucional com a organitzaci\u00f3 a favor daquest col\u00b7lectiu. I finalment, la <strong>Diputaci\u00f3 d&#039;Alacant<\/strong>, i m\u00e9s concretament el <strong>Museu Arqueol\u00f2gic d&#039;Alacant<\/strong>, oferint les seves instal\u00b7lacions per celebrar aquest certamen.<\/p>","protected":false},"excerpt":{"rendered":"<p>&nbsp; &nbsp; &nbsp; &nbsp; &nbsp; &nbsp; &nbsp;La C&aacute;tedra de pr&oacute;xima constituci&oacute;n&nbsp;de Gesti&oacute;n Sanitaria Francisco Carre&ntilde;o<span class=\"excerpt-hellip\"> [\u2026]<\/span><\/p>\n","protected":false},"author":3,"featured_media":0,"comment_status":"open","ping_status":"open","sticky":false,"template":"","format":"standard","meta":{"kia_subtitle":"","footnotes":""},"categories":[],"tags":[],"class_list":["post-33729","post","type-post","status-publish","format-standard","hentry"],"meta_box":[],"_links":{"self":[{"href":"https:\/\/marqalicante-admin.qwair.com\/va\/wp-json\/wp\/v2\/posts\/33729","targetHints":{"allow":["GET"]}}],"collection":[{"href":"https:\/\/marqalicante-admin.qwair.com\/va\/wp-json\/wp\/v2\/posts"}],"about":[{"href":"https:\/\/marqalicante-admin.qwair.com\/va\/wp-json\/wp\/v2\/types\/post"}],"author":[{"embeddable":true,"href":"https:\/\/marqalicante-admin.qwair.com\/va\/wp-json\/wp\/v2\/users\/3"}],"replies":[{"embeddable":true,"href":"https:\/\/marqalicante-admin.qwair.com\/va\/wp-json\/wp\/v2\/comments?post=33729"}],"version-history":[{"count":0,"href":"https:\/\/marqalicante-admin.qwair.com\/va\/wp-json\/wp\/v2\/posts\/33729\/revisions"}],"wp:attachment":[{"href":"https:\/\/marqalicante-admin.qwair.com\/va\/wp-json\/wp\/v2\/media?parent=33729"}],"wp:term":[{"taxonomy":"category","embeddable":true,"href":"https:\/\/marqalicante-admin.qwair.com\/va\/wp-json\/wp\/v2\/categories?post=33729"},{"taxonomy":"post_tag","embeddable":true,"href":"https:\/\/marqalicante-admin.qwair.com\/va\/wp-json\/wp\/v2\/tags?post=33729"}],"curies":[{"name":"wp","href":"https:\/\/api.w.org\/{rel}","templated":true}]}}