{"id":33716,"date":"2015-08-24T00:00:00","date_gmt":"2015-08-24T00:00:00","guid":{"rendered":"https:\/\/marqalicante-admin.qwair.com\/2015\/08\/24\/el-marq-prepara-un-completo-programa-de-exposiciones-y-encuentros-cientificos-para-este-otono\/"},"modified":"2015-08-24T00:00:00","modified_gmt":"2015-08-24T00:00:00","slug":"el-marq-prepara-un-completo-programa-de-exposiciones-y-encuentros-cientificos-para-este-otono","status":"publish","type":"post","link":"https:\/\/marqalicante-admin.qwair.com\/va\/el-marq-prepara-un-completo-programa-de-exposiciones-y-encuentros-cientificos-para-este-otono\/","title":{"rendered":"El MARQ prepara un complet programa d&#039;exposicions i trobades cient\u00edfiques per a aquesta tardor"},"content":{"rendered":"<p style='text-align: center;'><img alt='' src='\/contenido\/genericas\/DSC_1296(1).jpg' style='width: 400px; height: 266px;' \/><\/p>\n<p style='text-align: justify;'>&nbsp;<\/p>\n<p style='text-align: justify;'>El Museu Arqueol\u00f2gic d&#039;Alacant est\u00e0 organitzant la programaci\u00f3 que desenvolupar\u00e0 de cara a la tardor que ve amb un complet calendari de propostes de car\u00e0cter did\u00e0ctic, l\u00fadic i cient\u00edfic que inclou, entre altres iniciatives, <strong>noves exposicions, publicacions, excavacions <\/strong>o&nbsp;<strong>trobades especialitzades<\/strong>.<\/p>\n<p style='text-align: justify;'>&nbsp;&nbsp;&nbsp;&nbsp;&nbsp;&nbsp;&nbsp;&nbsp; El govern provincial que presideix <strong>C\u00e9sar S\u00e1nchez<\/strong> prosseguir\u00e0, per una banda, les excavacions incloses en el pla anual i que en aquesta edici\u00f3 es realitzen a <strong>deu enclavaments<\/strong> repartits de nord a sud de la prov\u00edncia amb la participaci\u00f3 de <strong>120 voluntaris<\/strong>. A partir del proper mes de setembre s&#039;iniciaran els treballs als empla\u00e7aments de <strong>Cabezo Pardo<\/strong> (Albatera-San Isidre), <strong>Illeta dels Banyets<\/strong> (El Campello), <strong>Cova del Randero<\/strong> (Pedreguer) i <strong>Monforte del Cid<\/strong>.<\/p>\n<p style='text-align: justify;'>&nbsp;&nbsp;&nbsp;&nbsp;&nbsp;&nbsp;&nbsp;&nbsp; D&#039;altra banda, els mesos de setembre i octubre el MARQ acollir\u00e0 diverses trobades i reunions cient\u00edfiques amb experts universitaris que analitzaran aspectes divulgatius de l&#039;arqueologia a la prov\u00edncia.<\/p>\n<p style='text-align: justify;'>&nbsp;&nbsp;&nbsp;&nbsp;&nbsp;&nbsp;&nbsp;&nbsp; C\u00e9sar S\u00e1nchez ha manifestat que \u201c<u>durant aquesta legislatura treballarem perqu\u00e8 els centres culturals de la prov\u00edncia es converteixin en espais de trobada oberts a la ciutadania. El MARQ \u00e9s un exemple d\u201fobertura a iniciatives paral\u00b7leles a la pr\u00f2pia activitat expositiva del museu<\/u>\u201d.&nbsp;<\/p>\n<p style='text-align: justify;'>&nbsp;&nbsp;&nbsp;&nbsp;&nbsp;&nbsp;&nbsp;&nbsp; A m\u00e9s, el dirigent provincial ha indicat que \u201c<u>refor\u00e7arem la nostra col\u00b7laboraci\u00f3 amb les universitats per impulsar la internacionalitzaci\u00f3 dels campus alacantins. Per aix\u00f2, s&#039;intensificaran les relacions que centres de la Diputaci\u00f3 d&#039;Alacant, com el MARQ o l&#039;Institut Alacant\u00ed de Cultura Juan Gil-Albert, mantenen amb el sector universitari, com ara la col\u00b7laboraci\u00f3 amb els m\u00e0sters i les pr\u00e0ctiques d&#039;alumnat que s&#039;imparteixen en diversos campus <\/u>\u201d. &nbsp;&nbsp;<\/p>\n<p style='text-align: justify;'>&nbsp;&nbsp;&nbsp;&nbsp;&nbsp;&nbsp;&nbsp;&nbsp; En aquest sentit, representants d&#039;universitats de M\u00farcia, Almeria i Alacant, aix\u00ed com del Museu del Teatre Rom\u00e0 de Cartagena i del centre alacant\u00ed abordaran els <strong>contextos de destrucci\u00f3 de la Segona Guerra P\u00fanica<\/strong> (finals del segle III aC) a les ciutats del SE peninsular. A m\u00e9s, <strong>l&#039;arquitectura de Roma<\/strong> a les capitals provincials i la seva <strong>transmissi\u00f3 a les ciutats de la Hisp\u00e0nia romana<\/strong> centrar\u00e0 un altre simposi en qu\u00e8 intervindran professionals de les universitats de Ni\u00e7a, N\u00e0pols, C\u00f2rdova, Rovira i Virgili (Tarragona), M\u00farcia i de l&#039;Institut d&#039;Arqueologia de M\u00e8rida, juntament amb estudiants, historiadors o arquitectes.<\/p>\n<p style='text-align: justify;'>&nbsp; &nbsp; &nbsp; &nbsp; &nbsp; &nbsp;El MARQ tamb\u00e9 <strong>est\u00e0 ultimant les mostres<\/strong> que arribaran a partir de l?octubre. &#039;<em>Cocenta\u00efna. Arqueologia i museus<\/em>&#039; i &#039;<em>Castells de la prov\u00edncia d&#039;Alacant<\/em>&#039; coparan la programaci\u00f3 expositiva del centre, que tamb\u00e9 t\u00e9 previst editar la seva <strong>revista d&#039;Arqueologia<\/strong>, aix\u00ed com publicacions centrades en els vivers romans, la necr\u00f2polis ib\u00e8rica de l&#039;Albufereta o els museus alacantins.<\/p>\n<p style='text-align: justify;'>&nbsp; &nbsp; &nbsp; &nbsp;El Museu Arqueol\u00f2gic d&#039;Alacant, que exhibeix fins al proper 20 de setembre la mostra &#039;L&#039;\u00faltim viatge de la Fragata Mercedes&#039; i &#039;Luz de Roma&#039;, una recopilaci\u00f3 de llums d&#039;oli, ha registrat els set primers mesos del 2015 \u2013de gener a juliol-, juntament amb els jaciments que gestiona, <strong>m\u00e9s de 82.200 visites<\/strong>. Al mes de mar\u00e7 es va registrar el pic m\u00e9s alt, coincidint amb l&#039;arribada de l&#039;exposici\u00f3 que relata l&#039;enfonsament d&#039;aquesta embarcaci\u00f3 espanyola, aix\u00ed com les circumst\u00e0ncies pol\u00edtiques i militars que van envoltar aquest fet, esdevingut l&#039;octubre del 1804.&nbsp;<\/p>","protected":false},"excerpt":{"rendered":"<p>&nbsp; El Museo Arqueol&oacute;gico de Alicante est&aacute; organizando la programaci&oacute;n que desarrollar&aacute; de cara al<span class=\"excerpt-hellip\"> [\u2026]<\/span><\/p>\n","protected":false},"author":3,"featured_media":0,"comment_status":"open","ping_status":"open","sticky":false,"template":"","format":"standard","meta":{"kia_subtitle":"","footnotes":""},"categories":[],"tags":[],"class_list":["post-33716","post","type-post","status-publish","format-standard","hentry"],"meta_box":[],"_links":{"self":[{"href":"https:\/\/marqalicante-admin.qwair.com\/va\/wp-json\/wp\/v2\/posts\/33716","targetHints":{"allow":["GET"]}}],"collection":[{"href":"https:\/\/marqalicante-admin.qwair.com\/va\/wp-json\/wp\/v2\/posts"}],"about":[{"href":"https:\/\/marqalicante-admin.qwair.com\/va\/wp-json\/wp\/v2\/types\/post"}],"author":[{"embeddable":true,"href":"https:\/\/marqalicante-admin.qwair.com\/va\/wp-json\/wp\/v2\/users\/3"}],"replies":[{"embeddable":true,"href":"https:\/\/marqalicante-admin.qwair.com\/va\/wp-json\/wp\/v2\/comments?post=33716"}],"version-history":[{"count":0,"href":"https:\/\/marqalicante-admin.qwair.com\/va\/wp-json\/wp\/v2\/posts\/33716\/revisions"}],"wp:attachment":[{"href":"https:\/\/marqalicante-admin.qwair.com\/va\/wp-json\/wp\/v2\/media?parent=33716"}],"wp:term":[{"taxonomy":"category","embeddable":true,"href":"https:\/\/marqalicante-admin.qwair.com\/va\/wp-json\/wp\/v2\/categories?post=33716"},{"taxonomy":"post_tag","embeddable":true,"href":"https:\/\/marqalicante-admin.qwair.com\/va\/wp-json\/wp\/v2\/tags?post=33716"}],"curies":[{"name":"wp","href":"https:\/\/api.w.org\/{rel}","templated":true}]}}