{"id":33715,"date":"2015-08-03T00:00:00","date_gmt":"2015-08-03T00:00:00","guid":{"rendered":"https:\/\/marqalicante-admin.qwair.com\/2015\/08\/03\/el-marq-lleva-al-museo-arqueologico-de-aspe-la-exposicion-monedas-todas-las-caras-de-la-historia\/"},"modified":"2015-08-03T00:00:00","modified_gmt":"2015-08-03T00:00:00","slug":"el-marq-lleva-al-museo-arqueologico-de-aspe-la-exposicion-monedas-todas-las-caras-de-la-historia","status":"publish","type":"post","link":"https:\/\/marqalicante-admin.qwair.com\/va\/el-marq-lleva-al-museo-arqueologico-de-aspe-la-exposicion-monedas-todas-las-caras-de-la-historia\/","title":{"rendered":"El MARQ porta al Museu Arqueol\u00f2gic d&#039;Aspe l&#039;exposici\u00f3 Monedes. Totes les cares de la hist\u00f2ria"},"content":{"rendered":"<p style='text-align: center;'><img alt='' src='\/contenido\/genericas\/monedas(4).jpg' style='width: 400px; height: 267px;' \/><\/p>\n<p style='text-align: justify;'>&nbsp;<\/p>\n<p style='text-align: justify;'>El&nbsp;<strong>Museu Hist\u00f2ric d&#039;Aspe <\/strong>ha inaugurat l&#039;exposici\u00f3 numism\u00e0tica \u201c<strong>Monedes<\/strong>.<strong>Totes les cares de la hist\u00f2ria<\/strong>\u201d. <strong>M\u00e9s de 150 peces<\/strong> procedents dels fons del MARQ componen aquesta nova mostra que explica els motius de l&#039;aparici\u00f3, la desaparici\u00f3 i la perviv\u00e8ncia dels diferents valors, monedes i sistemes monetaris que s&#039;han utilitzat a la prov\u00edncia d&#039;Alacant al llarg de la hist\u00f2ria.<\/p>\n<p style='text-align: justify;'>La Fundaci\u00f3 de la Comunitat Valenciana MARQ ha organitzat aquesta exposici\u00f3 que presta una atenci\u00f3 especial al contingut cient\u00edfic aix\u00ed com als aspectes est\u00e8tics i did\u00e0ctics d&#039;aquest objecte. La mostra, integrada per <strong>150 monedes i quatre reproduccions<\/strong>, explica els diversos punts de vista des dels quals el visitant es pot aproximar a la contemplaci\u00f3 d&#039;aquestes peces.<\/p>\n<p style='text-align: justify;'>El museu d&#039;Aspe, que acollir\u00e0 l&#039;exposici\u00f3 fins al proper 8 de novembre, s&#039;ubica a la coneguda com <strong>casa \u201cEl Cisco\u201d<\/strong> o de <strong>\u201cLes Escaleriques\u201d<\/strong>, un t\u00edpic casal agr\u00edcola de finals del <strong>segle XIX<\/strong> que va ser adquirida per l&#039;Ajuntament per tal de destinar-la a Centre Social. Des de l&#039;any 2000 aquest edifici esdevingu\u00e9 seu del Museu Hist\u00f2ric aspens i compta amb dues sales diferenciades d&#039;exposici\u00f3 permanent, una d&#039;etnologia i una altra d&#039;arqueologia.<\/p>\n<p style='text-align: justify;'>A la primera planta d\u201faquest edifici s\u201fha disposat l\u201fexposici\u00f3 temporal \u201cMonedes. Totes les cares de la hist\u00f2ria\u201d, aprofitant dos \u00e0mbits diferents. En un primer espai es pot veure el text introductori de l&#039;exposici\u00f3 i dos panells que il\u00b7lustren sobre els aspectes generals de la <strong>moneda i de la numism\u00e0tica<\/strong> aix\u00ed com sobre els diferents sistemes utilitzats al llarg de la hist\u00f2ria per a la fabricaci\u00f3 de la moneda. A m\u00e9s, es projecta un <strong>audiovisual <\/strong>en qu\u00e8 s&#039;explica el sistema de fabricaci\u00f3 m\u00e9s emprat per produir moneda al llarg de la hist\u00f2ria: la <strong>encunyaci\u00f3 a martell<\/strong>.<\/p>\n<p style='text-align: justify;'>En un segon \u00e0mbit, utilitzat habitualment per a activitats did\u00e0ctiques, s&#039;han disposat els expositors i un audiovisual que tracta sobre les <strong>monedes i sistemes monetaris<\/strong> que s&#039;han fet servir al llarg dels segles a la prov\u00edncia d&#039;Alacant. Un darrer panell explica l&#039;\u00fas que fan <strong>els historiadors<\/strong> de les monedes per <strong>reconstruir el nostre passat<\/strong>.<\/p>","protected":false},"excerpt":{"rendered":"<p>&nbsp; El&nbsp;Museo Hist&oacute;rico de Aspe ha inaugurado la exposici&oacute;n numism&aacute;tica &ldquo;Monedas.Todas las caras de la<span class=\"excerpt-hellip\"> [\u2026]<\/span><\/p>\n","protected":false},"author":3,"featured_media":0,"comment_status":"open","ping_status":"open","sticky":false,"template":"","format":"standard","meta":{"kia_subtitle":"","footnotes":""},"categories":[],"tags":[],"class_list":["post-33715","post","type-post","status-publish","format-standard","hentry"],"meta_box":[],"_links":{"self":[{"href":"https:\/\/marqalicante-admin.qwair.com\/va\/wp-json\/wp\/v2\/posts\/33715","targetHints":{"allow":["GET"]}}],"collection":[{"href":"https:\/\/marqalicante-admin.qwair.com\/va\/wp-json\/wp\/v2\/posts"}],"about":[{"href":"https:\/\/marqalicante-admin.qwair.com\/va\/wp-json\/wp\/v2\/types\/post"}],"author":[{"embeddable":true,"href":"https:\/\/marqalicante-admin.qwair.com\/va\/wp-json\/wp\/v2\/users\/3"}],"replies":[{"embeddable":true,"href":"https:\/\/marqalicante-admin.qwair.com\/va\/wp-json\/wp\/v2\/comments?post=33715"}],"version-history":[{"count":0,"href":"https:\/\/marqalicante-admin.qwair.com\/va\/wp-json\/wp\/v2\/posts\/33715\/revisions"}],"wp:attachment":[{"href":"https:\/\/marqalicante-admin.qwair.com\/va\/wp-json\/wp\/v2\/media?parent=33715"}],"wp:term":[{"taxonomy":"category","embeddable":true,"href":"https:\/\/marqalicante-admin.qwair.com\/va\/wp-json\/wp\/v2\/categories?post=33715"},{"taxonomy":"post_tag","embeddable":true,"href":"https:\/\/marqalicante-admin.qwair.com\/va\/wp-json\/wp\/v2\/tags?post=33715"}],"curies":[{"name":"wp","href":"https:\/\/api.w.org\/{rel}","templated":true}]}}