{"id":33714,"date":"2015-08-03T00:00:00","date_gmt":"2015-08-03T00:00:00","guid":{"rendered":"https:\/\/marqalicante-admin.qwair.com\/2015\/08\/03\/la-biblioteca-del-marq-alberga-hasta-septiembre-una-exposicion-sobre-candiles-de-aceite-de-epoca-romana\/"},"modified":"2015-08-03T00:00:00","modified_gmt":"2015-08-03T00:00:00","slug":"la-biblioteca-del-marq-alberga-hasta-septiembre-una-exposicion-sobre-candiles-de-aceite-de-epoca-romana","status":"publish","type":"post","link":"https:\/\/marqalicante-admin.qwair.com\/va\/la-biblioteca-del-marq-alberga-hasta-septiembre-una-exposicion-sobre-candiles-de-aceite-de-epoca-romana\/","title":{"rendered":"La biblioteca del MARQ acull fins al setembre una exposici\u00f3 sobre llindes d&#039;oli d&#039;\u00e8poca romana"},"content":{"rendered":"<p style='text-align: center;'><img alt='' src='\/contenido\/genericas\/IMG_1467.JPG' style='width: 400px; height: 225px;' \/><\/p>\n<p style='text-align: justify;'>&nbsp;<\/p>\n<p style='text-align: justify;'>El&nbsp;<strong>Museu Arqueol\u00f2gic d&#039;Alacant <\/strong>exhibeix fins al proper mes de setembre l&#039;exposici\u00f3 &#039;Luz de Roma&#039;, una mostra que recopila <strong>43 peces<\/strong> procedents de diverses col\u00b7leccions i formada per <strong>cresols d&#039;oli d&#039;\u00e8poca romana<\/strong>. L&#039;objectiu d&#039;aquesta nova proposta cultural, que impulsa el <strong>govern provincial d&#039;Alacant<\/strong>, \u00e9s el de donar a con\u00e8ixer la utilitat, forma i decoraci\u00f3 d&#039;aquests petits objectes que van anar canviant al llarg dels segles de domini rom\u00e0.<\/p>\n<p style='text-align: justify;'>&nbsp;&nbsp;&nbsp;&nbsp;&nbsp;&nbsp;&nbsp;&nbsp; El diputat de Cultura i Educaci\u00f3, <strong>C\u00e8sar Augusto Asencio<\/strong>, va presentar a la Biblioteca del MARQ, espai on s&#039;exhibeix la col\u00b7lecci\u00f3, aquesta iniciativa que es refor\u00e7a amb diversos <strong>panells explicatius<\/strong> en qu\u00e8 s&#039;aborden temes relacionats amb l&#039;elaboraci\u00f3 i el comer\u00e7 de les lluernes, aix\u00ed com <strong>dos audiovisuals<\/strong> que aporten informaci\u00f3 complement\u00e0ria. Asencio va estar acompanyat pel director del museu alacant\u00ed, <strong>Manuel Olcina<\/strong>, la comiss\u00e0ria de la mostra, <strong>Anna Garcia<\/strong>, i el director regional d&#039;Alacant de la Fundaci\u00f3 Banc Sabadell, <strong>Juan Merino<\/strong>, patrocinador de la proposta. &nbsp;<\/p>\n<p style='text-align: justify;'>Asencio va puntualitzar que \u201c<u>la paraula lluerna \u00e9s un terme amb una gran arrelament<\/u>\u201d i va indicar, a m\u00e9s, que \u201c<u>aquests objectes poden semblar petits o insignificants en el context d&#039;una vida o cultura, per\u00f2 moltes vegades la hist\u00f2ria es reflecteix a trav\u00e9s d&#039;aquests detalls i aquesta mostra ens permet veure&#039;n l&#039;evoluci\u00f3 hist\u00f2rica<\/u>\u201d.<\/p>\n<p style='text-align: justify;'>&nbsp;<\/p>\n<p style='text-align: justify;'>&nbsp;&nbsp;&nbsp;&nbsp;&nbsp;&nbsp;&nbsp;&nbsp; Els objectes que formen aquesta compilaci\u00f3 procedeixen tant del Museu Arqueol\u00f2gic d&#039;Alacant com del <strong>Museu Monogr\u00e0fic de l&#039;Alc\u00fadia d&#039;Elx<\/strong> i del <strong>Museu Arqueol\u00f2gic Municipal d&#039;Elda<\/strong>. Dentre tots ells, destaca un exemplar realitzat en bronze, una lluerna vidriada i decorada amb dos caps de cavall i un llum de forma circular i dotada amb nombrosos forats de llum.<\/p>\n<p style='text-align: justify;'>&nbsp;&nbsp;&nbsp;&nbsp;&nbsp;&nbsp;&nbsp;&nbsp; El <strong>recorregut<\/strong> d&#039;aquesta exposici\u00f3, que posteriorment itinerar\u00e0 per diversos municipis, es realitza de <strong>manera cronol\u00f2gica<\/strong>, iniciant-se a l&#039;\u00e8poca ib\u00e8rica. Tot i aix\u00f2, l&#039;espai principal de la mostra se centra en les peces d&#039;\u00e8poca romana distribu\u00efdes en les diferents etapes: republicana, altimperial, baiximperial i tardorromana.<\/p>\n<p style='text-align: justify;'>A m\u00e9s, es presenten dos apartats m\u00e9s, un d&#039;ells dedicat al <strong>repertori decoratiu d&#039;\u00e8poca romana<\/strong>, amb qu\u00e8 es pret\u00e9n mostrar al p\u00fablic la varietat de temes representats, i un altre en qu\u00e8 s&#039;inclouen diverses <strong>peces amb la marca del fabricant<\/strong>.<\/p>\n<p style='text-align: justify;'>Finalment, la comiss\u00e0ria de la mostra va indicar que \u201c<u>les lluernes s\u00f3n objectes realitzats en materials perdurables com cer\u00e0mica i metall i han estat fonamentals des de l&#039;antiguitat ja que, amb lleugeres transformacions, han perviscut fins fa pr\u00e0cticament 50 anys, quan encara s&#039;utilitzaven les ll\u00e0nties de meta<\/u>l\u201d.&nbsp;<\/p>","protected":false},"excerpt":{"rendered":"<p>&nbsp; El&nbsp;Museo Arqueol&oacute;gico de Alicante exhibe hasta el pr&oacute;ximo mes de septiembre la exposici&oacute;n &lsquo;Luz<span class=\"excerpt-hellip\"> [\u2026]<\/span><\/p>\n","protected":false},"author":3,"featured_media":0,"comment_status":"open","ping_status":"open","sticky":false,"template":"","format":"standard","meta":{"kia_subtitle":"","footnotes":""},"categories":[],"tags":[],"class_list":["post-33714","post","type-post","status-publish","format-standard","hentry"],"meta_box":[],"_links":{"self":[{"href":"https:\/\/marqalicante-admin.qwair.com\/va\/wp-json\/wp\/v2\/posts\/33714","targetHints":{"allow":["GET"]}}],"collection":[{"href":"https:\/\/marqalicante-admin.qwair.com\/va\/wp-json\/wp\/v2\/posts"}],"about":[{"href":"https:\/\/marqalicante-admin.qwair.com\/va\/wp-json\/wp\/v2\/types\/post"}],"author":[{"embeddable":true,"href":"https:\/\/marqalicante-admin.qwair.com\/va\/wp-json\/wp\/v2\/users\/3"}],"replies":[{"embeddable":true,"href":"https:\/\/marqalicante-admin.qwair.com\/va\/wp-json\/wp\/v2\/comments?post=33714"}],"version-history":[{"count":0,"href":"https:\/\/marqalicante-admin.qwair.com\/va\/wp-json\/wp\/v2\/posts\/33714\/revisions"}],"wp:attachment":[{"href":"https:\/\/marqalicante-admin.qwair.com\/va\/wp-json\/wp\/v2\/media?parent=33714"}],"wp:term":[{"taxonomy":"category","embeddable":true,"href":"https:\/\/marqalicante-admin.qwair.com\/va\/wp-json\/wp\/v2\/categories?post=33714"},{"taxonomy":"post_tag","embeddable":true,"href":"https:\/\/marqalicante-admin.qwair.com\/va\/wp-json\/wp\/v2\/tags?post=33714"}],"curies":[{"name":"wp","href":"https:\/\/api.w.org\/{rel}","templated":true}]}}