{"id":33706,"date":"2015-05-15T00:00:00","date_gmt":"2015-05-15T00:00:00","guid":{"rendered":"https:\/\/marqalicante-admin.qwair.com\/2015\/05\/15\/el-marq-desvela-en-una-muestra-los-trabajor-de-restauracion-y-musealizacion-de-la-cava-gran-dagres\/"},"modified":"2015-05-15T00:00:00","modified_gmt":"2015-05-15T00:00:00","slug":"el-marq-desvela-en-una-muestra-los-trabajor-de-restauracion-y-musealizacion-de-la-cava-gran-dagres","status":"publish","type":"post","link":"https:\/\/marqalicante-admin.qwair.com\/va\/el-marq-desvela-en-una-muestra-los-trabajor-de-restauracion-y-musealizacion-de-la-cava-gran-dagres\/","title":{"rendered":"El MARQ revela en una mostra els treballadors de restauraci\u00f3 i muse\u00eftzaci\u00f3 de la Cava Gran d\u00b4Agres"},"content":{"rendered":"<p style='text-align: center'><img alt='' src='\/contenido\/genericas\/051515 exposicion cava agres marq.jpg' style='height: 200px; width: 300px' \/><\/p>\n<p style='text-align: justify'>La biblioteca del Museu Arqueol\u00f2gic d&#039;Alacant, <strong>MARQ,<\/strong> exhibeix fins al proper mes de juliol una <strong>mostra museogr\u00e0fica<\/strong> sobre la <strong>Cava Gran d&#039;Agres<\/strong>, on actualment s&#039;estan fent obres de restauraci\u00f3 i muse\u00eftzaci\u00f3, projectades i dirigides per l&#039;\u00e0rea d&#039;Arquitectura de la Diputaci\u00f3 d&#039;Alacant.<\/p>\n<p style='text-align: justify'>El diputat d&#039;Arquitectura, <strong>Manuel Moya,<\/strong> i l&#039;alcalde d&#039;Agres, <strong>Josep Manel Franc\u00e8s<\/strong>, han visitat aquest mat\u00ed l&#039;exposici\u00f3 que consta de sis panells informatius, de grans dimensions, en qu\u00e8 s&#039;explica, en castell\u00e0, valenci\u00e0 i angl\u00e8s, des de l&#039;origen, la hist\u00f2ria i els diferents usos que se li donava al gel emmagatzemat als neveres, fins a l&#039;evoluci\u00f3 de la ind\u00fastria i el comer\u00e7 de la neu a la prov\u00edncia des del segle XVII.<\/p>\n<p style='text-align: justify'>Aix\u00ed mateix, la mostra presta una atenci\u00f3 especial a la singular arquitectura de la Cava d&#039;Agres, b\u00e9 cultural protegit i catalogat de Rellev\u00e0ncia Local per la Generalitat Valenciana, i als treballs de rehabilitaci\u00f3 i valoritzaci\u00f3 que s&#039;estan duent a terme. A m\u00e9s, disposa d&#039;una s\u00e8rie de materials audiovisuals com un v\u00eddeo documental en qu\u00e8 es mostren les claus del projecte o una fotografia, datada l&#039;any 1920, on es pot veure la sostrada original del gelera de la Serra de Mariola.<\/p>\n<p style='text-align: justify'>Moya ha explicat que <u>la posada en valor d&#039;aquest important enclavament el converteix en un referent arquitect\u00f2nic, mediambiental i cultural a la nostra prov\u00edncia, per la qual cosa aquesta exposici\u00f3 contribueix a refor\u00e7ar el coneixement i la comprensi\u00f3 tant de les restes del never com de les tasques de restauraci\u00f3<\/u>.<\/p>\n<p style='text-align: justify'>Les <strong>obres <\/strong>assoleixen tots els elements constructius conservats de la cava original, i es reposen aquells que es consideren imprescindibles per a l&#039;estabilitat de les seves estructures i per afavorir el manteniment i l&#039;accessibilitat a l&#039;interior del pou. A aquest efecte, s&#039;est\u00e0 rehabilitant <strong>la galeria per on s&#039;extreia el gel i es procedir\u00e0 a la instal\u00b7laci\u00f3 d&#039;una escala<\/strong> <strong>met\u00e0l\u00b7lica<\/strong>.<\/p>\n<p style='text-align: justify'>Pel que fa a aix\u00f2, l&#039;alcalde d&#039;Agres ha assenyalat que es tracta d&#039;un projecte emblem\u00e0tic per al municipi ja que, <u>a m\u00e9s de ser un referent de la localitat, la Cava Gran \u00e9s un recurs tur\u00edstic molt important i amb un gran futur per al desenvolupament de la localitat<\/u>.<\/p>","protected":false},"excerpt":{"rendered":"<p>La biblioteca del Museo Arqueol&oacute;gico de Alicante, MARQ, exhibe hasta el pr&oacute;ximo mes de julio<span class=\"excerpt-hellip\"> [\u2026]<\/span><\/p>\n","protected":false},"author":3,"featured_media":0,"comment_status":"open","ping_status":"open","sticky":false,"template":"","format":"standard","meta":{"kia_subtitle":"","footnotes":""},"categories":[],"tags":[],"class_list":["post-33706","post","type-post","status-publish","format-standard","hentry"],"meta_box":[],"_links":{"self":[{"href":"https:\/\/marqalicante-admin.qwair.com\/va\/wp-json\/wp\/v2\/posts\/33706","targetHints":{"allow":["GET"]}}],"collection":[{"href":"https:\/\/marqalicante-admin.qwair.com\/va\/wp-json\/wp\/v2\/posts"}],"about":[{"href":"https:\/\/marqalicante-admin.qwair.com\/va\/wp-json\/wp\/v2\/types\/post"}],"author":[{"embeddable":true,"href":"https:\/\/marqalicante-admin.qwair.com\/va\/wp-json\/wp\/v2\/users\/3"}],"replies":[{"embeddable":true,"href":"https:\/\/marqalicante-admin.qwair.com\/va\/wp-json\/wp\/v2\/comments?post=33706"}],"version-history":[{"count":0,"href":"https:\/\/marqalicante-admin.qwair.com\/va\/wp-json\/wp\/v2\/posts\/33706\/revisions"}],"wp:attachment":[{"href":"https:\/\/marqalicante-admin.qwair.com\/va\/wp-json\/wp\/v2\/media?parent=33706"}],"wp:term":[{"taxonomy":"category","embeddable":true,"href":"https:\/\/marqalicante-admin.qwair.com\/va\/wp-json\/wp\/v2\/categories?post=33706"},{"taxonomy":"post_tag","embeddable":true,"href":"https:\/\/marqalicante-admin.qwair.com\/va\/wp-json\/wp\/v2\/tags?post=33706"}],"curies":[{"name":"wp","href":"https:\/\/api.w.org\/{rel}","templated":true}]}}