{"id":33697,"date":"2015-03-31T00:00:00","date_gmt":"2015-03-31T00:00:00","guid":{"rendered":"https:\/\/marqalicante-admin.qwair.com\/2015\/03\/31\/el-marq-impulsa-la-difusiondel-patrimonio-de-la-illeta-dels-banyets-con-un-programade-visitas-teatralizadas\/"},"modified":"2015-03-31T00:00:00","modified_gmt":"2015-03-31T00:00:00","slug":"el-marq-impulsa-la-difusiondel-patrimonio-de-la-illeta-dels-banyets-con-un-programade-visitas-teatralizadas","status":"publish","type":"post","link":"https:\/\/marqalicante-admin.qwair.com\/va\/el-marq-impulsa-la-difusiondel-patrimonio-de-la-illeta-dels-banyets-con-un-programade-visitas-teatralizadas\/","title":{"rendered":"El MARQ impulsa la difusi\u00f3 del patrimoni de la Illeta dels Banyets amb un programa de visites teatralitzades."},"content":{"rendered":"<p>&nbsp;<img decoding=\"async\" alt=\"\" src=\"\/contenido\/genericas\/illeta y.JPG\" style=\"height:133px; width:200px\" \/><\/p>\n<p style=\"text-align:justify\">&nbsp;&nbsp;&nbsp;&nbsp;&nbsp;&nbsp;&nbsp;&nbsp; El <strong>MARQ<\/strong> renova la seva col\u00b7laboraci\u00f3 amb el <strong>Ajuntament del Campello<\/strong> per promocionar tur\u00edsticament el jaciment arqueol\u00f2gic de la <strong>Illeta dels Banyets<\/strong> a trav\u00e9s de diverses accions, entre les quals destaca el programa de visites guiades i teatralitzats a l&#039;enclavament. Els passis s&#039;iniciaran durant aquesta Setmana Santa i es prolongaran fins al proper mes de setembre.<\/p>\n<p style=\"text-align:justify\">&nbsp;&nbsp;&nbsp;&nbsp;&nbsp;&nbsp;&nbsp;&nbsp; Amb aquesta iniciativa, <a href=\"https:\/\/www.watchesclocks.me\/\" target=\"_blank\" rel=\"noopener\">Best Replica Watches<\/a> els visitants podran descobrir diversos aspectes relacionats amb els or\u00edgens d&#039;aquest espai, alhora que aprendre la hist\u00f2ria del seu passat juntament amb els personatges que van habitar el jaciment en aquella \u00e8poca. Les visites arrencaran el <strong>Divendres Sant 3 d&#039;abril a les 12:00<\/strong> hores, amb dues passades m\u00e9s que es duran a terme <strong>dissabte 4 i diumenge 5<\/strong>, respectivament.<\/p>\n<p style=\"text-align:justify\">&nbsp;&nbsp;&nbsp;&nbsp;&nbsp;&nbsp;&nbsp;&nbsp; La presidenta de la Diputaci\u00f3 dAlacant i de la Fundaci\u00f3 CV MARQ, <strong>Llu\u00efsa Pastor<\/strong>, ha signat el conveni de col\u00b7laboraci\u00f3 amb l&#039;alcalde del consistori, <strong>Juan Jos\u00e9 Berenguer<\/strong>, per impulsar aquestes activitats.<\/p>\n<p style=\"text-align:justify\">&nbsp;&nbsp;&nbsp;&nbsp;&nbsp;&nbsp;&nbsp; Un total de <strong>16<\/strong> <strong>visites teatralitzades <\/strong>componen el programa que, sota el t\u00edtol <em>&#39;<strong>La Illeta<\/strong>,<strong>Bressol de Civilitzacions<\/strong>&#39;<\/em>, es prolongar\u00e0 fins al proper mes de setembre, amb possibilitat de fer tamb\u00e9 passades durant els mesos d&#039;hivern. A trav\u00e9s d&#039;aquesta iniciativa, es potenciar\u00e0 i difondr\u00e0 aquest jaciment arqueol\u00f2gic considerat un dels m\u00e9s rellevants de la Comunitat Valenciana.<\/p>\n<p style=\"text-align:justify\">&nbsp;&nbsp;&nbsp;&nbsp;&nbsp;&nbsp;&nbsp;&nbsp; Les visites se celebraran tamb\u00e9 el 3 de maig, coincidint amb el pont festiu, el 21 de juny a Hogueras, els dissabtes 4, 11, 18 i 25 de juliol, els dies 1, 8, 15, 22 i 29 d&#039;agost i el 5 i 12 de setembre.<\/p>\n<p style=\"text-align:justify\">&nbsp;&nbsp;&nbsp;&nbsp;&nbsp;&nbsp;&nbsp;&nbsp; Aix\u00ed mateix, el document inclou tamb\u00e9 el desenvolupament d&#039;activitats conjuntes com ara cursos, exposicions, congressos o jornades i la promoci\u00f3 i difusi\u00f3 del jaciment per part de l&#039;Oficina de Turisme del municipi -especificant horaris, informaci\u00f3 gen\u00e8rica o visites guiades i activitats- a trav\u00e9s d&#039;Internet o mitjan\u00e7ant l&#039;edici\u00f3 de fullets.<\/p>\n<p style=\"text-align:justify\">&nbsp;&nbsp;&nbsp;&nbsp;&nbsp;&nbsp;&nbsp;&nbsp; A m\u00e9s, el MARQ i l&#039;Ajuntament del Campello elaboraran uns protocols d&#039;actuaci\u00f3 per tal de potenciar els recursos, possibilitats, productes i oferta del parc arqueol\u00f2gic a trav\u00e9s de les xarxes socials -Facebook, Twitter, etc.- o amb l&#039;organitzaci\u00f3 de visites protocol\u00b7l\u00e0ries, viatges de familiaritzaci\u00f3 o press trips.<\/p>\n<p style=\"text-align:justify\">&nbsp;&nbsp;&nbsp;&nbsp;&nbsp;&nbsp;&nbsp; S&#039;estima que la durada de les visites teatralitzades sigui d&#039;uns <strong>50 minuts <\/strong>al jaciment de la Illeta i de mitja hora per a la Torre de la Illeta.<\/p>","protected":false},"excerpt":{"rendered":"<p>&nbsp; &nbsp;&nbsp;&nbsp;&nbsp;&nbsp;&nbsp;&nbsp;&nbsp; El MARQ renueva su colaboraci&oacute;n con el Ayuntamiento de El Campello para promocionar<span class=\"excerpt-hellip\"> [\u2026]<\/span><\/p>\n","protected":false},"author":3,"featured_media":0,"comment_status":"open","ping_status":"open","sticky":false,"template":"","format":"standard","meta":{"kia_subtitle":"","footnotes":""},"categories":[],"tags":[],"class_list":["post-33697","post","type-post","status-publish","format-standard","hentry"],"meta_box":[],"_links":{"self":[{"href":"https:\/\/marqalicante-admin.qwair.com\/va\/wp-json\/wp\/v2\/posts\/33697","targetHints":{"allow":["GET"]}}],"collection":[{"href":"https:\/\/marqalicante-admin.qwair.com\/va\/wp-json\/wp\/v2\/posts"}],"about":[{"href":"https:\/\/marqalicante-admin.qwair.com\/va\/wp-json\/wp\/v2\/types\/post"}],"author":[{"embeddable":true,"href":"https:\/\/marqalicante-admin.qwair.com\/va\/wp-json\/wp\/v2\/users\/3"}],"replies":[{"embeddable":true,"href":"https:\/\/marqalicante-admin.qwair.com\/va\/wp-json\/wp\/v2\/comments?post=33697"}],"version-history":[{"count":0,"href":"https:\/\/marqalicante-admin.qwair.com\/va\/wp-json\/wp\/v2\/posts\/33697\/revisions"}],"wp:attachment":[{"href":"https:\/\/marqalicante-admin.qwair.com\/va\/wp-json\/wp\/v2\/media?parent=33697"}],"wp:term":[{"taxonomy":"category","embeddable":true,"href":"https:\/\/marqalicante-admin.qwair.com\/va\/wp-json\/wp\/v2\/categories?post=33697"},{"taxonomy":"post_tag","embeddable":true,"href":"https:\/\/marqalicante-admin.qwair.com\/va\/wp-json\/wp\/v2\/tags?post=33697"}],"curies":[{"name":"wp","href":"https:\/\/api.w.org\/{rel}","templated":true}]}}