{"id":33675,"date":"2014-10-17T00:00:00","date_gmt":"2014-10-17T00:00:00","guid":{"rendered":"https:\/\/marqalicante-admin.qwair.com\/2014\/10\/17\/el-instituto-de-investigaciones-turisticas-de-la-ua-premia-la-gestion-la-innovacion-y-el-exito-del-marq\/"},"modified":"2014-10-17T00:00:00","modified_gmt":"2014-10-17T00:00:00","slug":"el-instituto-de-investigaciones-turisticas-de-la-ua-premia-la-gestion-la-innovacion-y-el-exito-del-marq","status":"publish","type":"post","link":"https:\/\/marqalicante-admin.qwair.com\/va\/el-instituto-de-investigaciones-turisticas-de-la-ua-premia-la-gestion-la-innovacion-y-el-exito-del-marq\/","title":{"rendered":"L&#039;Institut d&#039;Investigacions Tur\u00edstiques de la UA premia la gesti\u00f3, innovaci\u00f3 i \u00e8xit del MARQ"},"content":{"rendered":"<p style='text-align: center'><img alt='' src='\/contenido\/genericas\/101614 premios turismo universidad marq(2).jpg' style='height: 267px; width: 400px' \/><\/p>\n<p style='text-align: justify'>El <strong>Museu Arqueol\u00f2gic d&#039;Alacant <\/strong>ha estat guardonat per l&#039;Institut Universitari d&#039;Investigacions Tur\u00edstiques de la UA (IUIT), que ha reconegut la <strong>intensa tasca de difusi\u00f3<\/strong> <strong>del patrimoni cultural<\/strong> <strong>i hist\u00f2ric <\/strong>que el MARQ desenvolupa a la prov\u00edncia, aix\u00ed com la seva contribuci\u00f3 a la <strong>diversificaci\u00f3 de l&#039;oferta<\/strong> de la Costa Blanca.<\/p>\n<p style='text-align: justify'>&nbsp;&nbsp;&nbsp;&nbsp;&nbsp;&nbsp; La presidenta de la Diputaci\u00f3 dAlacant <strong>Llu\u00efsa Pastor <\/strong>va recollir aquella tarda aquest <strong>Premi a la Innovaci\u00f3 Tur\u00edstica<\/strong>, que destaca a m\u00e9s l&#039;exit\u00f3s model de gesti\u00f3 que el centre cultural duu a terme. A l&#039;acte, que tindr\u00e0 lloc <strong>al campus alacant\u00ed<\/strong>, est\u00e0 previst que assisteixin el vicerector de Relacions Internacionals de la UA <strong>Juan Llopis<\/strong> i el director general de Turisme de la Generalitat Valenciana <strong>Sebasti\u00e1n Fern\u00e1ndez<\/strong>.<\/p>\n<p style='text-align: justify'>&nbsp;&nbsp;&nbsp;&nbsp;&nbsp; Pastor ha destacat la import\u00e0ncia d&#039;aquest guard\u00f3 que reconeix la feina, l&#039;esfor\u00e7 i l&#039;afany que tot l&#039;equip t\u00e8cnic del MARQ desenvolupa dia rere dia i que li ha perm\u00e8s convertir-se en un museu de refer\u00e8ncia al nostre pa\u00eds.<\/p>\n<p style='text-align: justify'>&nbsp;&nbsp;&nbsp;&nbsp;&nbsp; Entre les accions que el Museu Arqueol\u00f2gic d&#039;Alacant desenvolupa en mat\u00e8ria de promoci\u00f3 tur\u00edstica destaquen el <strong>descompte del 50 per cent<\/strong> al preu de l&#039;entrada que el MARQ ofereix a tots els usuaris de l&#039;AVE Madrid-Alacant, les <strong>Jornades de Portes Obertes<\/strong> amb entrada gratu\u00efta que organitza amb motiu de diferents festivitats o les <strong>visites guiades i teatralitzades<\/strong> a les diferents exposicions.<\/p>\n<p style='text-align: justify'>&nbsp;&nbsp;&nbsp;&nbsp;&nbsp; Aix\u00ed mateix, al llarg d&#039;aquests darrers anys, el centre ha desenvolupat una <strong>important pres\u00e8ncia a Internet<\/strong>. Al costat de la seva p\u00e0gina web <strong>marqalicante-classic-admin.qwair.com<\/strong>, espai des del qual se centralitzen i distribueixen totes les propostes culturals, el museu ha fet tamb\u00e9 una aposta decidida per la implantaci\u00f3 i l&#039;\u00fas de xarxes socials com <strong>Facebook <\/strong>o <strong>Twitter<\/strong>,ondifon i promociona els seus fons i activitats.<\/p>\n<p style='text-align: justify'>&nbsp;&nbsp;&nbsp;&nbsp;&nbsp; L&#039;Institut d&#039;Investigacions Tur\u00edstiques de la UA concedeix des de l&#039;any 2011 aquestes distincions a agents i empreses del sector amb l&#039;objectiu de <strong>recon\u00e8ixer la seva traject\u00f2ria i labor<\/strong>. En aquesta ocasi\u00f3, tamb\u00e9 s&#039;ha concedit el Premi a la Innovaci\u00f3 Tur\u00edstica a la secci\u00f3 empreses al cap de cuina del restaurant L&#039;Escaleta <strong>Kiko Moya<\/strong>,i el Premi a la Traject\u00f2ria Professional a l&#039;hostaler <strong>Paco Ram\u00f3n<\/strong>, propietari del Restaurant Azahar.<\/p>","protected":false},"excerpt":{"rendered":"<p>El Museo Arqueol&oacute;gico de Alicante ha sido galardonado por el Instituto Universitario de Investigaciones Tur&iacute;sticas<span class=\"excerpt-hellip\"> [\u2026]<\/span><\/p>\n","protected":false},"author":3,"featured_media":0,"comment_status":"open","ping_status":"open","sticky":false,"template":"","format":"standard","meta":{"kia_subtitle":"","footnotes":""},"categories":[],"tags":[],"class_list":["post-33675","post","type-post","status-publish","format-standard","hentry"],"meta_box":[],"_links":{"self":[{"href":"https:\/\/marqalicante-admin.qwair.com\/va\/wp-json\/wp\/v2\/posts\/33675","targetHints":{"allow":["GET"]}}],"collection":[{"href":"https:\/\/marqalicante-admin.qwair.com\/va\/wp-json\/wp\/v2\/posts"}],"about":[{"href":"https:\/\/marqalicante-admin.qwair.com\/va\/wp-json\/wp\/v2\/types\/post"}],"author":[{"embeddable":true,"href":"https:\/\/marqalicante-admin.qwair.com\/va\/wp-json\/wp\/v2\/users\/3"}],"replies":[{"embeddable":true,"href":"https:\/\/marqalicante-admin.qwair.com\/va\/wp-json\/wp\/v2\/comments?post=33675"}],"version-history":[{"count":0,"href":"https:\/\/marqalicante-admin.qwair.com\/va\/wp-json\/wp\/v2\/posts\/33675\/revisions"}],"wp:attachment":[{"href":"https:\/\/marqalicante-admin.qwair.com\/va\/wp-json\/wp\/v2\/media?parent=33675"}],"wp:term":[{"taxonomy":"category","embeddable":true,"href":"https:\/\/marqalicante-admin.qwair.com\/va\/wp-json\/wp\/v2\/categories?post=33675"},{"taxonomy":"post_tag","embeddable":true,"href":"https:\/\/marqalicante-admin.qwair.com\/va\/wp-json\/wp\/v2\/tags?post=33675"}],"curies":[{"name":"wp","href":"https:\/\/api.w.org\/{rel}","templated":true}]}}