{"id":33669,"date":"2014-09-29T00:00:00","date_gmt":"2014-09-29T00:00:00","guid":{"rendered":"https:\/\/marqalicante-admin.qwair.com\/2014\/09\/29\/soler-pascual-hablara-en-el-marq-de-la-relacion-de-los-viajeros-y-los-vinos-alicantinos-a-lo-largo-de-la-historia\/"},"modified":"2014-09-29T00:00:00","modified_gmt":"2014-09-29T00:00:00","slug":"soler-pascual-hablara-en-el-marq-de-la-relacion-de-los-viajeros-y-los-vinos-alicantinos-a-lo-largo-de-la-historia","status":"publish","type":"post","link":"https:\/\/marqalicante-admin.qwair.com\/va\/soler-pascual-hablara-en-el-marq-de-la-relacion-de-los-viajeros-y-los-vinos-alicantinos-a-lo-largo-de-la-historia\/","title":{"rendered":"Soler Pascual parlar\u00e0 al MARQ de la relaci\u00f3 dels viatgers i els vins alacantins al llarg de la hist\u00f2ria"},"content":{"rendered":"<p style='text-align: center'><img alt='' src='\/contenido\/genericas\/emilio soler.jpg' style='height: 186px; width: 300px' \/><\/p>\n<p style='text-align: justify'>El Museu Arqueol\u00f2gic d&#039;Alacant <strong>MARQ<\/strong> acull dem\u00e0 <strong>dimarts 30 de setembre <\/strong>a les <strong>19:00 hores<\/strong> la confer\u00e8ncia titulada <strong>\u201cEntre vins i viatgers\u201d<\/strong>, que impartir\u00e0 el catedr\u00e0tic, doctor en Hist\u00f2ria, Llicenciat en Filosofia i Lletres per la Universitat d&#039;Alacant i comissari de l&#039;exposici\u00f3 <strong>\u201cEl vi a Alacant\u201d<\/strong>, <strong>Emilio Soler Pascual<\/strong>.<\/p>\n<p style='text-align: justify'>La xerrada est\u00e0 emmarcada dins de les activitats organitzades al voltant d&#039;aquesta <strong>mostra<\/strong> que es pot visitar al MARQ <strong>fins al proper mes de gener<\/strong> del 2015.&nbsp;<\/p>\n<p style='text-align: justify'>La confer\u00e8ncia aborda la relaci\u00f3 que al llarg de la hist\u00f2ria han tingut els viatgers forans que visitaven Espanya amb la gastronomia del pa\u00eds, especialment amb els vins. El professor, membre tamb\u00e9 del patronat del MARQ, es far\u00e0 ress\u00f2 dels elogiosos relats que personatges com <strong>Andersen, Holland, Laborde i Townsend<\/strong> van escriure sobre els vins espanyols que van provar en les diferents visites.<\/p>","protected":false},"excerpt":{"rendered":"<p>El Museo Arqueol&oacute;gico de Alicante MARQ acoge ma&ntilde;ana martes 30 de septiembre a las 19:00<span class=\"excerpt-hellip\"> [\u2026]<\/span><\/p>\n","protected":false},"author":3,"featured_media":0,"comment_status":"open","ping_status":"open","sticky":false,"template":"","format":"standard","meta":{"kia_subtitle":"","footnotes":""},"categories":[],"tags":[],"class_list":["post-33669","post","type-post","status-publish","format-standard","hentry"],"meta_box":[],"_links":{"self":[{"href":"https:\/\/marqalicante-admin.qwair.com\/va\/wp-json\/wp\/v2\/posts\/33669","targetHints":{"allow":["GET"]}}],"collection":[{"href":"https:\/\/marqalicante-admin.qwair.com\/va\/wp-json\/wp\/v2\/posts"}],"about":[{"href":"https:\/\/marqalicante-admin.qwair.com\/va\/wp-json\/wp\/v2\/types\/post"}],"author":[{"embeddable":true,"href":"https:\/\/marqalicante-admin.qwair.com\/va\/wp-json\/wp\/v2\/users\/3"}],"replies":[{"embeddable":true,"href":"https:\/\/marqalicante-admin.qwair.com\/va\/wp-json\/wp\/v2\/comments?post=33669"}],"version-history":[{"count":0,"href":"https:\/\/marqalicante-admin.qwair.com\/va\/wp-json\/wp\/v2\/posts\/33669\/revisions"}],"wp:attachment":[{"href":"https:\/\/marqalicante-admin.qwair.com\/va\/wp-json\/wp\/v2\/media?parent=33669"}],"wp:term":[{"taxonomy":"category","embeddable":true,"href":"https:\/\/marqalicante-admin.qwair.com\/va\/wp-json\/wp\/v2\/categories?post=33669"},{"taxonomy":"post_tag","embeddable":true,"href":"https:\/\/marqalicante-admin.qwair.com\/va\/wp-json\/wp\/v2\/tags?post=33669"}],"curies":[{"name":"wp","href":"https:\/\/api.w.org\/{rel}","templated":true}]}}