{"id":33665,"date":"2014-09-12T00:00:00","date_gmt":"2014-09-12T00:00:00","guid":{"rendered":"https:\/\/marqalicante-admin.qwair.com\/2014\/09\/12\/la-diputacion-de-alicante-amplia-hasta-final-de-ano-ocho-becas-de-formacion-en-el-marq\/"},"modified":"2014-09-12T00:00:00","modified_gmt":"2014-09-12T00:00:00","slug":"la-diputacion-de-alicante-amplia-hasta-final-de-ano-ocho-becas-de-formacion-en-el-marq","status":"publish","type":"post","link":"https:\/\/marqalicante-admin.qwair.com\/va\/la-diputacion-de-alicante-amplia-hasta-final-de-ano-ocho-becas-de-formacion-en-el-marq\/","title":{"rendered":"La Diputaci\u00f3 d&#039;Alacant amplia fins a final d&#039;any vuit beques de formaci\u00f3 al MARQ"},"content":{"rendered":"<p style='text-align: center'><img alt='' src='\/contenido\/genericas\/fotografia piezas marq(1).jpg' style='height: 150px; width: 200px' \/><\/p>\n<p style='text-align: justify'>&nbsp;La Junta de govern de la<strong>Diputaci\u00f3 d&#039;Alacant <\/strong>ha aprovat la <strong>pr\u00f2rroga de tres mesos<\/strong>, de l&#039;1 d&#039;octubre fins al 31 de desembre, de les <strong>vuit beques de formaci\u00f3 <\/strong>per a llicenciats que estan desenvolupant la seva tasca a diferents departaments del Museu Arqueol\u00f2gic d&#039;Alacant <strong>MARQ.&nbsp;<\/strong><\/p>\n<p style='text-align: justify'>&nbsp;&nbsp;&nbsp;&nbsp;&nbsp;&nbsp;&nbsp; &nbsp;Les ajudes, dotades amb una quantia de 800 euros bruts al mescada una, es van aprovar de forma inicial per a sis mesos -de l&#039;1 d&#039;abril al 30 de setembre- i mitjan\u00e7ant concurs p\u00fablic de m\u00e8rits, valorats per una comissi\u00f3 qualificadora, segons les bases de la convocat\u00f2ria publicades al Butllet\u00ed Oficial de la Prov\u00edncia <strong>BOP, <\/strong>el passat 8 de gener del 2014.<\/p>\n<p style='text-align: justify'>&nbsp;&nbsp;&nbsp;&nbsp;&nbsp;&nbsp;&nbsp;&nbsp; L&#039;ampliaci\u00f3 correspon, per una banda, a <strong>dues beques<\/strong> destinades a llicenciats en Belles Arts, titulats per l&#039;Escola Superior de Conservaci\u00f3 i Restauraci\u00f3 de B\u00e9ns Culturals i graduats en Conservaci\u00f3 i Restauraci\u00f3 de B\u00e9ns Culturals per tal que completin i perfeccionin la seva formaci\u00f3 a <strong>tasques de restauraci\u00f3 i conservaci\u00f3 de patrimoni arqueol\u00f2gic.<\/strong><strong>&nbsp; &nbsp;Quatre m\u00e9s <\/strong>d&#039;aquestes assignacions corresponen a les mat\u00e8ries de <strong>Museografia i Museologia<\/strong> i, d&#039;acord amb el <strong>conveni<\/strong> signat per la instituci\u00f3 provincial i el <strong>Col\u00b7legi Oficial de Doctors i Llicenciats en Filosofia i Lletres i Ci\u00e8ncies d&#039;Alacant<\/strong>, van dirigides a llicenciats en Hist\u00f2ria, Geografia i Hist\u00f2ria, Hist\u00f2ria de l&#039;Art o Humanitats i es concedeixen perqu\u00e8 els beneficiaris completin la seva formaci\u00f3 amb experi\u00e8ncia professional realitzant tasques referents als diferents aspectes muse\u00edstics com el muntatge d&#039;exposicions, el registre i el control d&#039;ingressos o l&#039;inventariat, catalogaci\u00f3 i conservaci\u00f3 de peces.<\/p>\n<p style='text-align: justify'>&nbsp;&nbsp;&nbsp;&nbsp;&nbsp;&nbsp;&nbsp; &nbsp;Les dues \u00faltimes beques que han estat renovades per la Diputaci\u00f3 d&#039;Alacant s\u00f3n de formaci\u00f3 a <strong>Biblioteconomia<\/strong> per a llicenciats, graduats i titulats de grau en Informaci\u00f3 i Documentaci\u00f3.<\/p>","protected":false},"excerpt":{"rendered":"<p>&nbsp;La Junta de gobierno de laDiputaci&oacute;n de Alicante ha aprobado la pr&oacute;rroga de tres meses,<span class=\"excerpt-hellip\"> [\u2026]<\/span><\/p>\n","protected":false},"author":3,"featured_media":0,"comment_status":"open","ping_status":"open","sticky":false,"template":"","format":"standard","meta":{"kia_subtitle":"","footnotes":""},"categories":[],"tags":[],"class_list":["post-33665","post","type-post","status-publish","format-standard","hentry"],"meta_box":[],"_links":{"self":[{"href":"https:\/\/marqalicante-admin.qwair.com\/va\/wp-json\/wp\/v2\/posts\/33665","targetHints":{"allow":["GET"]}}],"collection":[{"href":"https:\/\/marqalicante-admin.qwair.com\/va\/wp-json\/wp\/v2\/posts"}],"about":[{"href":"https:\/\/marqalicante-admin.qwair.com\/va\/wp-json\/wp\/v2\/types\/post"}],"author":[{"embeddable":true,"href":"https:\/\/marqalicante-admin.qwair.com\/va\/wp-json\/wp\/v2\/users\/3"}],"replies":[{"embeddable":true,"href":"https:\/\/marqalicante-admin.qwair.com\/va\/wp-json\/wp\/v2\/comments?post=33665"}],"version-history":[{"count":0,"href":"https:\/\/marqalicante-admin.qwair.com\/va\/wp-json\/wp\/v2\/posts\/33665\/revisions"}],"wp:attachment":[{"href":"https:\/\/marqalicante-admin.qwair.com\/va\/wp-json\/wp\/v2\/media?parent=33665"}],"wp:term":[{"taxonomy":"category","embeddable":true,"href":"https:\/\/marqalicante-admin.qwair.com\/va\/wp-json\/wp\/v2\/categories?post=33665"},{"taxonomy":"post_tag","embeddable":true,"href":"https:\/\/marqalicante-admin.qwair.com\/va\/wp-json\/wp\/v2\/tags?post=33665"}],"curies":[{"name":"wp","href":"https:\/\/api.w.org\/{rel}","templated":true}]}}