{"id":33662,"date":"2014-09-03T00:00:00","date_gmt":"2014-09-03T00:00:00","guid":{"rendered":"https:\/\/marqalicante-admin.qwair.com\/2014\/09\/03\/el-marq-impulsa-un-ano-mas-la-campana-de-excavaciones-arqueologicas-en-la-cova-del-randero-de-pedreguer\/"},"modified":"2014-09-03T00:00:00","modified_gmt":"2014-09-03T00:00:00","slug":"el-marq-impulsa-un-ano-mas-la-campana-de-excavaciones-arqueologicas-en-la-cova-del-randero-de-pedreguer","status":"publish","type":"post","link":"https:\/\/marqalicante-admin.qwair.com\/va\/el-marq-impulsa-un-ano-mas-la-campana-de-excavaciones-arqueologicas-en-la-cova-del-randero-de-pedreguer\/","title":{"rendered":"El MARQ impulsa un any m\u00e9s la campanya d&#039;excavacions arqueol\u00f2giques a la Cova del Randero de Pedreguer"},"content":{"rendered":"<p style='text-align: center'>&nbsp;<img alt='' src='\/contenido\/genericas\/Cova Randero Pedreguer(1).jpg' style='height: 450px; width: 300px' \/><\/p>\n<p>&nbsp;<\/p>\n<p style='text-align: justify'><strong>&nbsp;<\/strong>La Diputaci\u00f3 d&#039;Alacant, a trav\u00e9s del <strong>MARQ<\/strong>, impulsa un any m\u00e9s la campanya d&#039;excavacions arqueol\u00f2giques a la <strong>Cova del Randero<\/strong>, a <strong>Pedreguer<\/strong>. <strong>Una desena de voluntaris i estudiants<\/strong> procedents de les universitats d&#039;Alacant, Madrid, M\u00farcia i Val\u00e8ncia participen en aquest projecte, que es desenvolupa al llarg de tot<strong>aquest mes de setembre<\/strong>.<\/p>\n<p style='text-align: justify'>&nbsp;&nbsp;&nbsp;&nbsp;&nbsp;&nbsp;&nbsp; Mitjan\u00e7ant aquest programa, que compta amb la col\u00b7laboraci\u00f3 de l&#039;Ajuntament de Pedreguer, el museu alacant\u00ed pret\u00e9n <strong>investigar les pr\u00e0ctiques pecu\u00e0ries caracter\u00edstiques del V mil\u00b7lenni a<\/strong>.<strong>C<\/strong>., quan les comunitats neol\u00edtiques estaven plenament implantades en determinades \u00e0rees de la prov\u00edncia d&#039;Alacant, aix\u00ed com <strong>aprofundir en el coneixement de la vida quotidiana dels grups de pastors que van habitar la zona<\/strong>.<\/p>\n<p style='text-align: justify'>&nbsp;&nbsp;&nbsp;&nbsp;&nbsp;&nbsp;&nbsp; Els treballs, que aquest any arriben a la seva <strong>vuitena edici\u00f3<\/strong>, es desenvoluparan a la <strong>galeria central<\/strong> ia la <strong>sala de l&#039;entrada<\/strong> per enlla\u00e7ar els pisos d&#039;ocupaci\u00f3 descoberts a cadascuna. Aix\u00ed mateix, es preparar\u00e0 la <strong>sala interior<\/strong> per a la seva excavaci\u00f3, instal\u00b7lar il\u00b7luminaci\u00f3, obrir l&#039;acc\u00e9s i netejar les \u00e0rees superficials.<\/p>\n<p style='text-align: justify'>El conservador de Prehist\u00f2ria del Museu Arqueol\u00f2gic d&#039;Alacant i codirector de la campanya <strong>Jorge Soler<\/strong> ha explicat que <u>al llarg d&#039;aquests anys s&#039;han localitzat llars, un vasar i taques de combusti\u00f3 vinculades a la higienitzaci\u00f3 d&#039;un espai que podria haver estat una cleda i, alhora, cova d&#039;habitaci\u00f3<\/u>.<\/p>\n<p style='text-align: justify'><u>La feina que hem dut a terme en aquest enclavament ha estat \u00edmproba ja que el jaciment estava molt alterat a causa d&#039;actuacions irregulars. Per aix\u00f2, ha calgut invertir molt de temps per aconseguir excavar en extensi\u00f3 nivells inalterats del Neol\u00edtic Mitj\u00e0<\/u>, ha assenyalat Soler.<\/p>","protected":false},"excerpt":{"rendered":"<p>&nbsp; &nbsp; &nbsp;La Diputaci&oacute;n de Alicante, a trav&eacute;s del MARQ, impulsa un a&ntilde;o m&aacute;s la<span class=\"excerpt-hellip\"> [\u2026]<\/span><\/p>\n","protected":false},"author":3,"featured_media":0,"comment_status":"open","ping_status":"open","sticky":false,"template":"","format":"standard","meta":{"kia_subtitle":"","footnotes":""},"categories":[],"tags":[],"class_list":["post-33662","post","type-post","status-publish","format-standard","hentry"],"meta_box":[],"_links":{"self":[{"href":"https:\/\/marqalicante-admin.qwair.com\/va\/wp-json\/wp\/v2\/posts\/33662","targetHints":{"allow":["GET"]}}],"collection":[{"href":"https:\/\/marqalicante-admin.qwair.com\/va\/wp-json\/wp\/v2\/posts"}],"about":[{"href":"https:\/\/marqalicante-admin.qwair.com\/va\/wp-json\/wp\/v2\/types\/post"}],"author":[{"embeddable":true,"href":"https:\/\/marqalicante-admin.qwair.com\/va\/wp-json\/wp\/v2\/users\/3"}],"replies":[{"embeddable":true,"href":"https:\/\/marqalicante-admin.qwair.com\/va\/wp-json\/wp\/v2\/comments?post=33662"}],"version-history":[{"count":0,"href":"https:\/\/marqalicante-admin.qwair.com\/va\/wp-json\/wp\/v2\/posts\/33662\/revisions"}],"wp:attachment":[{"href":"https:\/\/marqalicante-admin.qwair.com\/va\/wp-json\/wp\/v2\/media?parent=33662"}],"wp:term":[{"taxonomy":"category","embeddable":true,"href":"https:\/\/marqalicante-admin.qwair.com\/va\/wp-json\/wp\/v2\/categories?post=33662"},{"taxonomy":"post_tag","embeddable":true,"href":"https:\/\/marqalicante-admin.qwair.com\/va\/wp-json\/wp\/v2\/tags?post=33662"}],"curies":[{"name":"wp","href":"https:\/\/api.w.org\/{rel}","templated":true}]}}