{"id":33657,"date":"2014-08-26T00:00:00","date_gmt":"2014-08-26T00:00:00","guid":{"rendered":"https:\/\/marqalicante-admin.qwair.com\/2014\/08\/26\/cerca-de-300-ninos-participan-este-verano-en-el-programa-de-actividades-ludicas-y-didacticas-del-marq\/"},"modified":"2014-08-26T00:00:00","modified_gmt":"2014-08-26T00:00:00","slug":"cerca-de-300-ninos-participan-este-verano-en-el-programa-de-actividades-ludicas-y-didacticas-del-marq","status":"publish","type":"post","link":"https:\/\/marqalicante-admin.qwair.com\/va\/cerca-de-300-ninos-participan-este-verano-en-el-programa-de-actividades-ludicas-y-didacticas-del-marq\/","title":{"rendered":"Prop de 300 nens participen aquest estiu al programa d&#039;activitats l\u00fadiques i did\u00e0ctiques del MARQ"},"content":{"rendered":"<p style='text-align: center'><img alt='' src='\/contenido\/genericas\/DSCN5532.JPG' style='height: 217px; width: 350px' \/><\/p>\n<p style='text-align: justify'>El <strong>Museu Arqueol\u00f2gic d&#039;Alacant <\/strong>finalitza aquesta setmana el seu programa estival de <strong>activitats infantils <\/strong>que aquest any ha comptat amb l&#039;assist\u00e8ncia de prop <strong>de 300 nens<\/strong>.Aquesta iniciativa, desenvolupada durant els mesos de juliol i agost, culminar\u00e0 el proper <strong>divendres dia 29 a les 18:00 hores <\/strong>amb una <strong>gran<\/strong> <strong>festa de comiat <\/strong>que es dur\u00e0 a terme als jardins del MARQ ia la qual estan convidats tots aquells que han participat en aquesta proposta cultural.<\/p>\n<p style='text-align: justify'>&nbsp;&nbsp;&nbsp;&nbsp;&nbsp;&nbsp;&nbsp; Durant la jornada, a la qual tamb\u00e9 hi poden assistir els familiars i amics dels nois, <strong>es procedir\u00e0 al lliurament de premis al millor grup de nens<\/strong>,<strong>a les Millors Reproduccions de Peces i als Millors Dibuixos<\/strong>. A m\u00e9s, hi haur\u00e0 diverses actuacions, tallers, jocs, m\u00e0gia i un <em>photocall<\/em> en qu\u00e8 els participants podran fer-se fotografies.<\/p>\n<p style='text-align: justify'>El diputat de Cultura <strong>Juan Bautista Rosell\u00f3<\/strong> ha destacat l\u00b4\u00e8xit d\u00b4aquesta proposta l\u00fadica i did\u00e0ctica que cada any reuneix multitud de nens i ha assenyalat que <u>l\u00b4objectiu d\u00b4aquesta iniciativa \u00e9s crear un punt de trobada on els joves puguin explorar, comentar i descobrir la hist\u00f2ria dels seus avantpassats<\/u>.<\/p>\n<p style='text-align: justify'>&nbsp;&nbsp;&nbsp;&nbsp;&nbsp;&nbsp;&nbsp;&nbsp; El programa &#039;<strong><em>Estiua al MARQ<\/em><\/strong><em>&#039;, <\/em>que aquest any ha arribat a la desena edici\u00f3, est\u00e0 adre\u00e7at a nens d&#039;entre 6 i 14 anys. Aquests cursos, d&#039;una setmana de durada, permeten aprendre mentre decoren m\u00e0scares d&#039;escaiola, juguen amb paper, elaboren ventalls o modelen figures d&#039;argila. Durant els mateixos, els nois visiten, a m\u00e9s, la <strong>col\u00b7lecci\u00f3 permanent<\/strong> <strong>del museu<\/strong>, aix\u00ed com l&#039;exposici\u00f3 internacional <em>\u201c<strong>Senyors del Cel i de la Terra. Xina a la Dinastia Han<\/strong>\u201d,<\/em> que recupera els costums i els secrets d&#039;aquesta civilitzaci\u00f3.<\/p>\n<p style='text-align: justify'>&nbsp;&nbsp;&nbsp;&nbsp;&nbsp;&nbsp;&nbsp; A m\u00e9s, els participants coneixen de prop els vestigis que atresoren els jaciments arqueol\u00f2gics del <strong>Tossal de Manises<\/strong>, a la ciutat romana de Lucentum, i la <strong>Illeta dels Banyets<\/strong>, al Campello, on es desplacen gr\u00e0cies a la col\u00b7laboraci\u00f3 del TRAM.<\/p>","protected":false},"excerpt":{"rendered":"<p>El Museo Arqueol&oacute;gico de Alicante finaliza esta semana su programa estival de actividades infantiles que<span class=\"excerpt-hellip\"> [\u2026]<\/span><\/p>\n","protected":false},"author":3,"featured_media":0,"comment_status":"open","ping_status":"open","sticky":false,"template":"","format":"standard","meta":{"kia_subtitle":"","footnotes":""},"categories":[],"tags":[],"class_list":["post-33657","post","type-post","status-publish","format-standard","hentry"],"meta_box":[],"_links":{"self":[{"href":"https:\/\/marqalicante-admin.qwair.com\/va\/wp-json\/wp\/v2\/posts\/33657","targetHints":{"allow":["GET"]}}],"collection":[{"href":"https:\/\/marqalicante-admin.qwair.com\/va\/wp-json\/wp\/v2\/posts"}],"about":[{"href":"https:\/\/marqalicante-admin.qwair.com\/va\/wp-json\/wp\/v2\/types\/post"}],"author":[{"embeddable":true,"href":"https:\/\/marqalicante-admin.qwair.com\/va\/wp-json\/wp\/v2\/users\/3"}],"replies":[{"embeddable":true,"href":"https:\/\/marqalicante-admin.qwair.com\/va\/wp-json\/wp\/v2\/comments?post=33657"}],"version-history":[{"count":0,"href":"https:\/\/marqalicante-admin.qwair.com\/va\/wp-json\/wp\/v2\/posts\/33657\/revisions"}],"wp:attachment":[{"href":"https:\/\/marqalicante-admin.qwair.com\/va\/wp-json\/wp\/v2\/media?parent=33657"}],"wp:term":[{"taxonomy":"category","embeddable":true,"href":"https:\/\/marqalicante-admin.qwair.com\/va\/wp-json\/wp\/v2\/categories?post=33657"},{"taxonomy":"post_tag","embeddable":true,"href":"https:\/\/marqalicante-admin.qwair.com\/va\/wp-json\/wp\/v2\/tags?post=33657"}],"curies":[{"name":"wp","href":"https:\/\/api.w.org\/{rel}","templated":true}]}}