{"id":33656,"date":"2014-08-21T00:00:00","date_gmt":"2014-08-21T00:00:00","guid":{"rendered":"https:\/\/marqalicante-admin.qwair.com\/2014\/08\/21\/el-marq-aplica-un-descuento-del-50-por-ciento-en-su-entrada-a-los-viajeros-del-ave-madrid-alicante\/"},"modified":"2014-08-21T00:00:00","modified_gmt":"2014-08-21T00:00:00","slug":"el-marq-aplica-un-descuento-del-50-por-ciento-en-su-entrada-a-los-viajeros-del-ave-madrid-alicante","status":"publish","type":"post","link":"https:\/\/marqalicante-admin.qwair.com\/va\/el-marq-aplica-un-descuento-del-50-por-ciento-en-su-entrada-a-los-viajeros-del-ave-madrid-alicante\/","title":{"rendered":"El MARQ aplica un descompte del 50 per cent a la seva entrada als viatgers de l&#039;AVE Madrid-Alacant"},"content":{"rendered":"<p style='text-align: center'>&nbsp;<img alt='' src='\/contenido\/genericas\/MARQ exterior 02.jpg' style='height: 263px; width: 350px' \/><\/p>\n<p style='text-align: justify'>El Museu Arqueol\u00f2gic d&#039;Alacant, <strong>MARQ<\/strong>, aplica un <strong>descompte del 50 per cent <\/strong>en el preu de la seva entrada a tots els usuaris del <strong>AVE Madrid-Alacant. <\/strong>Per aprofitar-se de la promoci\u00f3, els viatgers que facin servir aquesta l\u00ednia de l&#039;AVE nom\u00e9s hauran de <strong>presentar a la taquilla del museu el bitllet del tren, al costat del fullet <\/strong>informatiu que ha editat per promocionar l?oferta expositiva del MARQ entre els turistes procedents de Madrid.<\/p>\n<p style='text-align: justify'>La idea va n\u00e9ixer a partir de la l\u00ednia de col\u00b7laboraci\u00f3 que mantenen <strong>el Patronat de Turisme Costa Blanca <\/strong>i <strong>Renfe, <\/strong>i pret\u00e9n contribuir que <u>el Museu arqueol\u00f2gic d&#039;Alacant es consolidi com una bona opci\u00f3 d&#039;oci i cultura per a escapades curtes, aprofitant que amb aquesta l\u00ednia del <strong>AVE<\/strong>, la prov\u00edncia i la capital d&#039;Espanya queden separades per nom\u00e9s dues hores i mitja de temps, i ja s&#039;han registrat m\u00e9s de 2 milions de passatgers, segons dades de Renfe.<\/u><\/p>\n<p style='text-align: justify'>&nbsp;&nbsp;&nbsp;&nbsp;&nbsp;&nbsp;&nbsp; &nbsp;Aix\u00ed mateix, les dades de visites del MARQ revelen que els turistes madrilenys suposen habitualment <strong>m\u00e9s de la meitat dels visitants espanyols<\/strong> procedents de fora de la nostra prov\u00edncia, seguits pels de la resta de la Comunitat \u2013 Val\u00e8ncia i Castell\u00f3- Castella-la Manxa, Castella Lle\u00f3 i Andalusia.<\/p>\n<p style='text-align: justify'>&nbsp;&nbsp;&nbsp;&nbsp;&nbsp;&nbsp;&nbsp; El <strong>MARQ<\/strong> ha inaugurat aquest estiu diverses exposicions, entre les quals destaquen <em>Senyors del Cel i la Terra. Xina a la Dinastia Han. 206 aC-220 dC; Deltebre I. Hist\u00f2ria d&#039;un naufragi (1813-2013) i El Vi a Alacant, <\/em>que v\u00e9nen a completar la seva col\u00b7lecci\u00f3 permanent que abra\u00e7a des de la Prehist\u00f2ria fins al primer ter\u00e7 del segle XX, combinant prop de 3.800 peces arqueol\u00f2giques amb audiovisuals i programes interactius disponibles en 5 idiomes.<\/p>\n<p style='text-align: justify'>&nbsp;&nbsp;&nbsp;&nbsp;&nbsp;&nbsp;&nbsp; El mueso ofereix tamb\u00e9 un ampli programa de visites guiades, teatralitzades i adaptades a la Llengua de Signes Espanyola, i un variat compendi d&#039;activitats per a nens i adults, incloses les visites guiades als jaciments arqueol\u00f2gics de la Illeta dels Banyets, al Campello, i el Tossal de Manises, a Lucentum.<\/p>","protected":false},"excerpt":{"rendered":"<p>&nbsp; El Museo Arqueol&oacute;gico de Alicante, MARQ, aplica un descuento del 50 por ciento en<span class=\"excerpt-hellip\"> [\u2026]<\/span><\/p>\n","protected":false},"author":3,"featured_media":0,"comment_status":"open","ping_status":"open","sticky":false,"template":"","format":"standard","meta":{"kia_subtitle":"","footnotes":""},"categories":[],"tags":[],"class_list":["post-33656","post","type-post","status-publish","format-standard","hentry"],"meta_box":[],"_links":{"self":[{"href":"https:\/\/marqalicante-admin.qwair.com\/va\/wp-json\/wp\/v2\/posts\/33656","targetHints":{"allow":["GET"]}}],"collection":[{"href":"https:\/\/marqalicante-admin.qwair.com\/va\/wp-json\/wp\/v2\/posts"}],"about":[{"href":"https:\/\/marqalicante-admin.qwair.com\/va\/wp-json\/wp\/v2\/types\/post"}],"author":[{"embeddable":true,"href":"https:\/\/marqalicante-admin.qwair.com\/va\/wp-json\/wp\/v2\/users\/3"}],"replies":[{"embeddable":true,"href":"https:\/\/marqalicante-admin.qwair.com\/va\/wp-json\/wp\/v2\/comments?post=33656"}],"version-history":[{"count":0,"href":"https:\/\/marqalicante-admin.qwair.com\/va\/wp-json\/wp\/v2\/posts\/33656\/revisions"}],"wp:attachment":[{"href":"https:\/\/marqalicante-admin.qwair.com\/va\/wp-json\/wp\/v2\/media?parent=33656"}],"wp:term":[{"taxonomy":"category","embeddable":true,"href":"https:\/\/marqalicante-admin.qwair.com\/va\/wp-json\/wp\/v2\/categories?post=33656"},{"taxonomy":"post_tag","embeddable":true,"href":"https:\/\/marqalicante-admin.qwair.com\/va\/wp-json\/wp\/v2\/tags?post=33656"}],"curies":[{"name":"wp","href":"https:\/\/api.w.org\/{rel}","templated":true}]}}