{"id":33643,"date":"2014-07-04T00:00:00","date_gmt":"2014-07-04T00:00:00","guid":{"rendered":"https:\/\/marqalicante-admin.qwair.com\/2014\/07\/04\/fallece-un-gran-amigo-del-marq\/"},"modified":"2014-07-04T00:00:00","modified_gmt":"2014-07-04T00:00:00","slug":"fallece-un-gran-amigo-del-marq","status":"publish","type":"post","link":"https:\/\/marqalicante-admin.qwair.com\/va\/fallece-un-gran-amigo-del-marq\/","title":{"rendered":"Mor un Gran Amic del MARQ"},"content":{"rendered":"<p style='text-align: center'>&nbsp;<img alt='' src='\/contenido\/genericas\/antonio.jpg' style='height: 382px; width: 300px' \/><\/p>\n<p style='text-align: justify'>&nbsp;&nbsp;&nbsp;&nbsp;&nbsp;&nbsp;&nbsp; Hem perdut un gran amic. El passat dilluns 30 de juny moria als Pirineus aragonesos el nostre entranyable Antonio Campos Pardillos. Encara no ens ho creiem. Un gran amant de la cultura i la seva difusi\u00f3, professor jubilat que als 67 anys es mantenia en plena forma, practicant senderisme i movent-se amb bicicleta per la comarca de <em>l&#039;Alacant\u00ed<\/em>, sobretot per la seva estimada Huerta, on ens va fer descobrir molts multitud de tresors.<\/p>\n<p style='text-align: justify'>&nbsp;&nbsp;&nbsp;&nbsp;&nbsp; Col\u00b7laborador incansable amb associacions, col\u00b7lectius, ajuntaments, instituts i col\u00b7legis, pocs eren els caps de setmana que no havia de, molt gustosament, acompanyar ciutadans i compartir tot el seu coneixement sobre l&#039;Horta d&#039;Alacant i principalment, sobre les nombroses construccions defensives que a ella s&#039;erigeixen, com a baluards en l&#039;oblit que van tenir la seva enorme import\u00e0ncia en el passat, de la mateixa manera (com ell considerava) ho tenen actualment per ser part del nostre Patrimoni Cultural, que mereix ser conegut, respectat i protegit.<\/p>\n<p style='text-align: justify'>&nbsp;&nbsp;&nbsp;&nbsp;&nbsp;&nbsp; Gr\u00e0cies a persones com ell, i altres amics com s\u00f3n Patricia, Juan L\u00f3pez (Plinthus), Jose, Jara, Pere, Enric, Jose Luis, Jaume i molts altres, organitzem des del MARQ les recents Rutes a Peu ia Bicicleta per les Torres de l&#039;Horta, que tanta acceptaci\u00f3 van tenir i que en tan bon lloc ens deixa a nosaltres, el Museu Arqueol\u00f2gic d&#039;Alacant, que mai no hauria pogut arribar on va arribar si no fos per l&#039;enorme treball altruista realitzat per totes aquestes persones, i especialment pel nostre estimat Antonio, ja que sempre hi era, <em>al peu del can\u00f3<\/em>, o millor dit, als peus de la \u201cTorres de l&#039;Horta\u201d per ser el nostre guia \u2013 col\u00b7laborador.<\/p>\n<p style='text-align: justify'>&nbsp;&nbsp;&nbsp;&nbsp;&nbsp;&nbsp; A m\u00e9s, juntament amb el nostre t\u00e8cnic especialista en la mat\u00e8ria, Jos\u00e9 Luis Men\u00e9ndez, vam poder oferir una xerrada sobre aquesta tem\u00e0tica tan desconeguda per als mateixos alacantins, de la mateixa manera que podem seguir oferint una guia did\u00e0ctica per als nostres visitants amb els aspectes de m\u00e9s inter\u00e8s, amb la col\u00b7laboraci\u00f3 de Plinthus en el disseny de la Topoguia del lloc.<\/p>\n<p style='text-align: justify'>&nbsp;&nbsp;&nbsp;&nbsp;&nbsp;&nbsp; Des d&#039;aqu\u00ed, all\u00e0 on siguis el Toni, no podem dir res m\u00e9s que ens hem quedat una mica orfes amb la teva marxa, que ten\u00edem molts projectes pensats. Que ens va faltar una Ruta a peu o amb bicicleta a la Illeta dels Banyets i visita a la Torre, com t&#039;hauria agradat. Que hem tingut molta sort de con\u00e8ixer-te i haver comptat amb la teva col\u00b7laboraci\u00f3. Un enorme plaer haver compartit experi\u00e8ncies i que segur que la flama que vas contribuir a encendre, romandr\u00e0 encesa en els que t&#039;envoltaven. Entre ells nosaltres, el MARQ.<\/p>","protected":false},"excerpt":{"rendered":"<p>&nbsp; &nbsp;&nbsp;&nbsp;&nbsp;&nbsp;&nbsp;&nbsp; Hemos perdido a un gran amigo. El pasado lunes 30 de junio fallec&iacute;a<span class=\"excerpt-hellip\"> [\u2026]<\/span><\/p>\n","protected":false},"author":3,"featured_media":0,"comment_status":"open","ping_status":"open","sticky":false,"template":"","format":"standard","meta":{"kia_subtitle":"","footnotes":""},"categories":[],"tags":[],"class_list":["post-33643","post","type-post","status-publish","format-standard","hentry"],"meta_box":[],"_links":{"self":[{"href":"https:\/\/marqalicante-admin.qwair.com\/va\/wp-json\/wp\/v2\/posts\/33643","targetHints":{"allow":["GET"]}}],"collection":[{"href":"https:\/\/marqalicante-admin.qwair.com\/va\/wp-json\/wp\/v2\/posts"}],"about":[{"href":"https:\/\/marqalicante-admin.qwair.com\/va\/wp-json\/wp\/v2\/types\/post"}],"author":[{"embeddable":true,"href":"https:\/\/marqalicante-admin.qwair.com\/va\/wp-json\/wp\/v2\/users\/3"}],"replies":[{"embeddable":true,"href":"https:\/\/marqalicante-admin.qwair.com\/va\/wp-json\/wp\/v2\/comments?post=33643"}],"version-history":[{"count":0,"href":"https:\/\/marqalicante-admin.qwair.com\/va\/wp-json\/wp\/v2\/posts\/33643\/revisions"}],"wp:attachment":[{"href":"https:\/\/marqalicante-admin.qwair.com\/va\/wp-json\/wp\/v2\/media?parent=33643"}],"wp:term":[{"taxonomy":"category","embeddable":true,"href":"https:\/\/marqalicante-admin.qwair.com\/va\/wp-json\/wp\/v2\/categories?post=33643"},{"taxonomy":"post_tag","embeddable":true,"href":"https:\/\/marqalicante-admin.qwair.com\/va\/wp-json\/wp\/v2\/tags?post=33643"}],"curies":[{"name":"wp","href":"https:\/\/api.w.org\/{rel}","templated":true}]}}