{"id":33633,"date":"2014-05-22T00:00:00","date_gmt":"2014-05-22T00:00:00","guid":{"rendered":"https:\/\/marqalicante-admin.qwair.com\/2014\/05\/22\/el-marq-pone-en-valor-un-conjunto-de-azulejos-fechado-entre-finales-del-siglo-xviii-y-principios-del-siglo-xix\/"},"modified":"2014-05-22T00:00:00","modified_gmt":"2014-05-22T00:00:00","slug":"el-marq-pone-en-valor-un-conjunto-de-azulejos-fechado-entre-finales-del-siglo-xviii-y-principios-del-siglo-xix","status":"publish","type":"post","link":"https:\/\/marqalicante-admin.qwair.com\/va\/el-marq-pone-en-valor-un-conjunto-de-azulejos-fechado-entre-finales-del-siglo-xviii-y-principios-del-siglo-xix\/","title":{"rendered":"El MARQ posa en valor un conjunt de rajoles datades entre finals del segle XVIII i principis del segle XIX"},"content":{"rendered":"<p style='text-align: center'><img alt='' src='\/contenido\/genericas\/cartel(20).jpg' style='height: 282px; width: 300px' \/><\/p>\n<p style='text-align: justify'>El <strong>Museu Arqueol\u00f2gic d&#039;Alacant<\/strong> acull avui <strong>dijous 22 de maig a les 19:00 hores<\/strong> la presentaci\u00f3 del llibre <em>\u201c<strong>El Paviment de les Tres Gr\u00e0cies<\/strong>.<strong>Col\u00b7lecci\u00f3 Beltr\u00e1n Aus\u00f3<\/strong>\u201d, <\/em>que ofereix un estudi detallat del conjunt de rajoles compost per <strong>769 peces <\/strong>(592 conservades i 177 corresponents als espais de les p\u00e8rdues) que <strong>Rafael Beltr\u00e1n de la Clau <\/strong>va donar al MARQ al <strong>any 1970<\/strong>.<\/p>\n<p style='text-align: justify'>&nbsp;&nbsp;&nbsp;&nbsp;&nbsp;&nbsp;&nbsp; El paviment circular, adscrit a alguna de les f\u00e0briques de la ciutat de Val\u00e8ncia, \u00e9s <strong>datat entre finals del segle XVIII<\/strong> <strong>i principis del segle XIX<\/strong> i constitueix <strong>l&#039;obra de rajola m\u00e9s exquisida que actualment es conserva<\/strong> al museu alacant\u00ed. S&#039;hi representen amb gran qualitat i profusi\u00f3 de detalls una escena central amb tres figures femenines, un oct\u00f2gon decorat amb vuit cassetons on s&#039;inscriuen escenes mitol\u00f2giques i una sanefa amb diferents motius ornamentals com flors, fruites, aus, caps masculins o \u00e0ngels, tots ells dotats amb una forta c\u00e0rrega simb\u00f2lica i iconogr\u00e0fica.<\/p>\n<p style='text-align: justify'>&nbsp;&nbsp;&nbsp;&nbsp;&nbsp;&nbsp;&nbsp;&nbsp; Les especialistes <strong>Rosa M\u00aa Castells<\/strong> i <strong>Teresa M\u00aa Llopis <\/strong>s\u00f3n les autores d&#039;aquest treball que aprofundeix, aix\u00ed mateix, en la hist\u00f2ria de les<strong>Reals F\u00e0briques de Rajoles de Val\u00e8ncia<\/strong> i en la tem\u00e0tica de car\u00e0cter mitol\u00f2gic que apareix plasmada al conjunt de rajoles<em>,<\/em> situant-lo en el seu context temporal, abordant-ne la possible autoria i analitzant les fonts d&#039;inspiraci\u00f3 utilitzades en la seva confecci\u00f3.<\/p>\n<p style='text-align: justify'>&nbsp;&nbsp;&nbsp;&nbsp;&nbsp;&nbsp;&nbsp;&nbsp; L\u00b4acte de presentaci\u00f3 comptar\u00e0 amb la participaci\u00f3 del director t\u00e8cnic del MARQ <strong>Manuel Olcina<\/strong> i el director del Museu Nacional de Cer\u00e0mica i Arts Sumptu\u00e0ries de Val\u00e8ncia \u201cGonz\u00e1lez Mart\u00ed\u201d <strong>Jaume Coll<\/strong>.<\/p>","protected":false},"excerpt":{"rendered":"<p>El Museo Arqueol&oacute;gico de Alicante acoge hoy jueves 22 de mayo a las 19:00 horas<span class=\"excerpt-hellip\"> [\u2026]<\/span><\/p>\n","protected":false},"author":3,"featured_media":0,"comment_status":"open","ping_status":"open","sticky":false,"template":"","format":"standard","meta":{"kia_subtitle":"","footnotes":""},"categories":[],"tags":[],"class_list":["post-33633","post","type-post","status-publish","format-standard","hentry"],"meta_box":[],"_links":{"self":[{"href":"https:\/\/marqalicante-admin.qwair.com\/va\/wp-json\/wp\/v2\/posts\/33633","targetHints":{"allow":["GET"]}}],"collection":[{"href":"https:\/\/marqalicante-admin.qwair.com\/va\/wp-json\/wp\/v2\/posts"}],"about":[{"href":"https:\/\/marqalicante-admin.qwair.com\/va\/wp-json\/wp\/v2\/types\/post"}],"author":[{"embeddable":true,"href":"https:\/\/marqalicante-admin.qwair.com\/va\/wp-json\/wp\/v2\/users\/3"}],"replies":[{"embeddable":true,"href":"https:\/\/marqalicante-admin.qwair.com\/va\/wp-json\/wp\/v2\/comments?post=33633"}],"version-history":[{"count":0,"href":"https:\/\/marqalicante-admin.qwair.com\/va\/wp-json\/wp\/v2\/posts\/33633\/revisions"}],"wp:attachment":[{"href":"https:\/\/marqalicante-admin.qwair.com\/va\/wp-json\/wp\/v2\/media?parent=33633"}],"wp:term":[{"taxonomy":"category","embeddable":true,"href":"https:\/\/marqalicante-admin.qwair.com\/va\/wp-json\/wp\/v2\/categories?post=33633"},{"taxonomy":"post_tag","embeddable":true,"href":"https:\/\/marqalicante-admin.qwair.com\/va\/wp-json\/wp\/v2\/tags?post=33633"}],"curies":[{"name":"wp","href":"https:\/\/api.w.org\/{rel}","templated":true}]}}