{"id":33624,"date":"2014-04-04T00:00:00","date_gmt":"2014-04-04T00:00:00","guid":{"rendered":"https:\/\/marqalicante-admin.qwair.com\/2014\/04\/04\/el-plan-de-excavaciones-arqueologicas-del-marq-alcanzara-este-ano-a-ocho-enclaves-de-la-provincia\/"},"modified":"2014-04-04T00:00:00","modified_gmt":"2014-04-04T00:00:00","slug":"el-plan-de-excavaciones-arqueologicas-del-marq-alcanzara-este-ano-a-ocho-enclaves-de-la-provincia","status":"publish","type":"post","link":"https:\/\/marqalicante-admin.qwair.com\/va\/el-plan-de-excavaciones-arqueologicas-del-marq-alcanzara-este-ano-a-ocho-enclaves-de-la-provincia\/","title":{"rendered":"El Pla d&#039;Excavacions Arqueol\u00f2giques del MARQ arribar\u00e0 aquest any a vuit enclavaments de la prov\u00edncia"},"content":{"rendered":"<p>&nbsp;<\/p>\n<p style='text-align: justify;'>El MARQ continuar\u00e0 aquest any amb el seu <strong>programa d&#039;excavacions arqueol\u00f2giques<\/strong>,un dels m\u00e9s complets i rigorosos de la Comunitat Valenciana tant pels per\u00edodes hist\u00f2rics que abasta -des del Paleol\u00edtic fins a l&#039;Edat Mitjana-, com per l&#039;\u00e0mbit territorial en qu\u00e8 es duu a terme. L&#039;objectiu principal d&#039;aquests treballs \u00e9s el de <strong>documentar i realitzar una \u00e0mplia investigaci\u00f3 cient\u00edfica<\/strong> de les troballes que es recuperen, aix\u00ed com avan\u00e7ar en el coneixement de les antigues civilitzacions que van poblar diferents enclavaments de la prov\u00edncia d&#039;Alacant.<\/p>\n<p style='text-align: justify;'>&nbsp;&nbsp;&nbsp;&nbsp;&nbsp;&nbsp;&nbsp; En aquest sentit, al llarg del 2014, l&#039;equip d&#039;arque\u00f2legs del museu alacant\u00ed intervindr\u00e0 als empla\u00e7aments de <strong>Cap\u00e7al de Pardo<\/strong> al Baix Segura, les <strong>Vessants del Castell de Callosa de Segura<\/strong>, la <strong>Cova del Randero<\/strong> de Pedreguer, la <strong>Cova de L\u00b4Or <\/strong>a Beniarr\u00e9s, el <strong>Penyal d\u00b4Ifac<\/strong> a Calp, la <strong>Illeta dels Banyets<\/strong> al Campello, aix\u00ed com la <strong>Badia de l&#039;Albufereta<\/strong> i el <strong>Tossal de Manises<\/strong>, tots dos a Alacant.<\/p>\n<p style='text-align: justify;'>&nbsp;&nbsp;&nbsp;&nbsp;&nbsp;&nbsp; La instituci\u00f3 provincial destinar\u00e0 un total de <strong>107.500 euros <\/strong>per dur a terme aquests treballs que comen\u00e7aran el proper <strong>mes de maig<\/strong> a les <strong>vessants del<\/strong> <strong>Castell de Callosa de Segura<\/strong>, on es procedir\u00e0 a la <strong>obertura d&#039;una \u00e0rea <\/strong>de quinze metres quadrats per registrar-ne les estructures i la seq\u00fc\u00e8ncia de la zona. Aix\u00ed mateix, es <strong>continuar\u00e0 amb l&#039;excavaci\u00f3 de la zona<\/strong> oberta a la campanya anterior i es <strong>actualitzar\u00e0 lestudi de dues figures de fang amb forma de b\u00f2vid<\/strong> trobades el 2013.<\/p>\n<p style='text-align: justify;'>&nbsp;&nbsp;&nbsp;&nbsp;&nbsp;&nbsp;&nbsp; El <strong>Tossal de Manises<\/strong> \u00e9s una altra de les zones on el MARQ treballar\u00e0 durant aquest estiu amb l&#039;objectiu de <strong>aprofundir en l&#039;evoluci\u00f3 de la primera ciutat romana sobre el tur\u00f3<\/strong>, datada en \u00e8poca b\u00e0rquida, i en la possible exist\u00e8ncia d&#039;estructures a l&#039;\u00e0rea sacra del primer f\u00f2rum municipal, cosa que va poder influir a l&#039;ulterior tra\u00e7at urb\u00e0 de les civitas.<\/p>\n<p style='text-align: justify;'>&nbsp;&nbsp;&nbsp;&nbsp;&nbsp;&nbsp;&nbsp; La intervenci\u00f3 arqueol\u00f2gica al <strong>Penyal d\u00b4Ifac <\/strong>es focalitzar\u00e0 a la <strong>ampliaci\u00f3 dels treballs iniciats a les campanyes anteriors <\/strong>centrats a les muralles oest i nord, la porta, l&#039;Esgl\u00e9sia i la Necr\u00f2polis. A m\u00e9s, est\u00e0 prevista la <strong>realitzaci\u00f3 de reconstruccions de peces de carreu<\/strong> procedents del jaciment, entre altres actuacions.<\/p>\n<p style='text-align: justify;'>&nbsp;&nbsp;&nbsp;&nbsp;&nbsp;&nbsp;&nbsp; Per la seva banda, a la <strong>Illeta dels Banyets<\/strong> es procedir\u00e0 a la <strong>excavaci\u00f3 del jaciment<\/strong>, aix\u00ed com a la <strong>neteja<\/strong>, <strong>classificaci\u00f3<\/strong> i <strong>enganxat<\/strong> dels materials que es recuperin a la zona, mentre que a la <strong>Cova de L\u00b4Or<\/strong> es procedir\u00e0 a la <strong>garbell de les terreres<\/strong>, continuant els treballs de 2013.<\/p>\n<p style='text-align: justify;'>&nbsp;&nbsp;&nbsp;&nbsp;&nbsp;&nbsp;&nbsp; Un altre dels empla\u00e7aments \u00e9s la <strong>Cova del Randero a Pedreguer<\/strong>, on <strong>es treballar\u00e0 a la galeria central ia la sala de l&#039;entrada<\/strong> per enlla\u00e7ar els pisos d&#039;ocupaci\u00f3 descoberts a cadascuna. A m\u00e9s, es preparar\u00e0 la sala interior per excavar-la, instal\u00b7lant il\u00b7luminaci\u00f3, obrint l&#039;acc\u00e9s i netejant les \u00e0rees superficials.<\/p>\n<p style='text-align: justify;'>&nbsp;&nbsp;&nbsp;&nbsp;&nbsp;&nbsp;&nbsp; A m\u00e9s, es dur\u00e0 a terme la <strong>actualitzaci\u00f3 de la carta arqueol\u00f2gica subaqu\u00e0tica de la Badia de l&#039;Albufereta<\/strong>, a Alacant, i <strong>es continuar\u00e0 amb la intervenci\u00f3 arqueol\u00f2gica a Cabezo Pardo<\/strong>, que se centrar\u00e0 en tres \u00e0mbits. D&#039;una banda, s&#039;estudiaran els nivells associats a la Fase IV del jaciment; d&#039;altra banda, es continuar\u00e0 amb els treballs al sector 4 i amb les tasques d&#039;investigaci\u00f3 d&#039;una fossa-abocador de la zona i, finalment, es procedir\u00e0 a l&#039;obertura d&#039;una nova \u00e0rea d&#039;excavaci\u00f3 on s&#039;ha localitzat una estructura semblant a una unitat habitacional.<\/p>","protected":false},"excerpt":{"rendered":"<p>&nbsp; El MARQ continuar&aacute; este a&ntilde;o con su programa de excavaciones arqueol&oacute;gicas,uno de los m&aacute;s<span class=\"excerpt-hellip\"> [\u2026]<\/span><\/p>\n","protected":false},"author":3,"featured_media":0,"comment_status":"open","ping_status":"open","sticky":false,"template":"","format":"standard","meta":{"kia_subtitle":"","footnotes":""},"categories":[],"tags":[],"class_list":["post-33624","post","type-post","status-publish","format-standard","hentry"],"meta_box":[],"_links":{"self":[{"href":"https:\/\/marqalicante-admin.qwair.com\/va\/wp-json\/wp\/v2\/posts\/33624","targetHints":{"allow":["GET"]}}],"collection":[{"href":"https:\/\/marqalicante-admin.qwair.com\/va\/wp-json\/wp\/v2\/posts"}],"about":[{"href":"https:\/\/marqalicante-admin.qwair.com\/va\/wp-json\/wp\/v2\/types\/post"}],"author":[{"embeddable":true,"href":"https:\/\/marqalicante-admin.qwair.com\/va\/wp-json\/wp\/v2\/users\/3"}],"replies":[{"embeddable":true,"href":"https:\/\/marqalicante-admin.qwair.com\/va\/wp-json\/wp\/v2\/comments?post=33624"}],"version-history":[{"count":0,"href":"https:\/\/marqalicante-admin.qwair.com\/va\/wp-json\/wp\/v2\/posts\/33624\/revisions"}],"wp:attachment":[{"href":"https:\/\/marqalicante-admin.qwair.com\/va\/wp-json\/wp\/v2\/media?parent=33624"}],"wp:term":[{"taxonomy":"category","embeddable":true,"href":"https:\/\/marqalicante-admin.qwair.com\/va\/wp-json\/wp\/v2\/categories?post=33624"},{"taxonomy":"post_tag","embeddable":true,"href":"https:\/\/marqalicante-admin.qwair.com\/va\/wp-json\/wp\/v2\/tags?post=33624"}],"curies":[{"name":"wp","href":"https:\/\/api.w.org\/{rel}","templated":true}]}}