{"id":33620,"date":"2014-02-25T00:00:00","date_gmt":"2014-02-25T00:00:00","guid":{"rendered":"https:\/\/marqalicante-admin.qwair.com\/2014\/02\/25\/la-diputacion-de-alicante-recibe-la-donacion-de-una-copa-ceramica-de-la-edad-de-bronce\/"},"modified":"2014-02-25T00:00:00","modified_gmt":"2014-02-25T00:00:00","slug":"la-diputacion-de-alicante-recibe-la-donacion-de-una-copa-ceramica-de-la-edad-de-bronce","status":"publish","type":"post","link":"https:\/\/marqalicante-admin.qwair.com\/va\/la-diputacion-de-alicante-recibe-la-donacion-de-una-copa-ceramica-de-la-edad-de-bronce\/","title":{"rendered":"La Diputaci\u00f3 d\u00b4Alacant rep la donaci\u00f3 d\u00b4una copa cer\u00e0mica de l\u00b4Edat de Bronze"},"content":{"rendered":"<p style='text-align: center'><img alt='' src='\/contenido\/genericas\/copa(4).jpg' style='height: 346px; width: 300px' \/><\/p>\n<p>&nbsp;<\/p>\n<p style='text-align: justify'>El <strong>Museu Arqueol\u00f2gic d&#039;Alacant <\/strong>ha incrementat el fons de peces amb la incorporaci\u00f3 d&#039;una <strong>copa de cer\u00e0mica <\/strong>de la <strong>Edat de Bronze<\/strong> que ha estat cedida de forma gratu\u00efta per <strong>Margarita Ram\u00f3n-Borja<\/strong> <strong>Berenguer<\/strong>.<\/p>\n<p style='text-align: justify'>&nbsp;&nbsp;&nbsp;&nbsp;&nbsp;&nbsp;&nbsp;&nbsp; El diputat de Cultura <strong>Juan Bautista Rosell\u00f3<\/strong> ha agra\u00eft la solidaritat de la donant i ha assenyalat que <u>aquesta cessi\u00f3 permet incrementar els fons del MARQ i enriquir el patrimoni arqueol\u00f2gic de la prov\u00edncia<\/u>.<\/p>\n<p style='text-align: justify'>&nbsp;&nbsp;&nbsp;&nbsp;&nbsp;&nbsp;&nbsp; La pe\u00e7a, de tipologia <strong>arg\u00e0rica<\/strong>, presenta l&#039;estructura d&#039;un got de <strong>25 cent\u00edmetres d&#039;al\u00e7ada<\/strong> compost per un recipient semiesf\u00e8ric i un peu de base plana. De cocci\u00f3 reductora i superf\u00edcie exterior brunyida, es tracta d&#039;un <strong>objecte caracter\u00edstic de la trucada Forma 7<\/strong>. L&#039;obra es troba a <strong>perfecte estat de conservaci\u00f3<\/strong>, presentant \u00fanicament un petit trencament al llavi, aix\u00ed com algunes lleus alteracions a la superf\u00edcie externa del got.<\/p>\n<p style='text-align: justify'>&nbsp;&nbsp;&nbsp;&nbsp;&nbsp;&nbsp;&nbsp;&nbsp; <u>Els t\u00e8cnics del museu alacant\u00ed avaluaran ara la idone\u00eftat de la pe\u00e7a i decidiran sobre la seva millor ubicaci\u00f3 per exhibir-la en futures exposicions, fent constar que procedeix de la donaci\u00f3 de l&#039;esmentada particular<\/u>, ha explicat el diputat.<\/p>","protected":false},"excerpt":{"rendered":"<p>&nbsp; El Museo Arqueol&oacute;gico de Alicante ha incrementado su fondo de piezas con la incorporaci&oacute;n<span class=\"excerpt-hellip\"> [\u2026]<\/span><\/p>\n","protected":false},"author":3,"featured_media":0,"comment_status":"open","ping_status":"open","sticky":false,"template":"","format":"standard","meta":{"kia_subtitle":"","footnotes":""},"categories":[],"tags":[],"class_list":["post-33620","post","type-post","status-publish","format-standard","hentry"],"meta_box":[],"_links":{"self":[{"href":"https:\/\/marqalicante-admin.qwair.com\/va\/wp-json\/wp\/v2\/posts\/33620","targetHints":{"allow":["GET"]}}],"collection":[{"href":"https:\/\/marqalicante-admin.qwair.com\/va\/wp-json\/wp\/v2\/posts"}],"about":[{"href":"https:\/\/marqalicante-admin.qwair.com\/va\/wp-json\/wp\/v2\/types\/post"}],"author":[{"embeddable":true,"href":"https:\/\/marqalicante-admin.qwair.com\/va\/wp-json\/wp\/v2\/users\/3"}],"replies":[{"embeddable":true,"href":"https:\/\/marqalicante-admin.qwair.com\/va\/wp-json\/wp\/v2\/comments?post=33620"}],"version-history":[{"count":0,"href":"https:\/\/marqalicante-admin.qwair.com\/va\/wp-json\/wp\/v2\/posts\/33620\/revisions"}],"wp:attachment":[{"href":"https:\/\/marqalicante-admin.qwair.com\/va\/wp-json\/wp\/v2\/media?parent=33620"}],"wp:term":[{"taxonomy":"category","embeddable":true,"href":"https:\/\/marqalicante-admin.qwair.com\/va\/wp-json\/wp\/v2\/categories?post=33620"},{"taxonomy":"post_tag","embeddable":true,"href":"https:\/\/marqalicante-admin.qwair.com\/va\/wp-json\/wp\/v2\/tags?post=33620"}],"curies":[{"name":"wp","href":"https:\/\/api.w.org\/{rel}","templated":true}]}}