{"id":33615,"date":"2014-02-11T00:00:00","date_gmt":"2014-02-11T00:00:00","guid":{"rendered":"https:\/\/marqalicante-admin.qwair.com\/2014\/02\/11\/el-marq-lleva-al-museo-arqueologico-de-alcoy-la-exposicion\/"},"modified":"2014-02-11T00:00:00","modified_gmt":"2014-02-11T00:00:00","slug":"el-marq-lleva-al-museo-arqueologico-de-alcoy-la-exposicion","status":"publish","type":"post","link":"https:\/\/marqalicante-admin.qwair.com\/va\/el-marq-lleva-al-museo-arqueologico-de-alcoy-la-exposicion\/","title":{"rendered":"El MARQ porta al Museu Arqueol\u00f2gic d&#039;Alcoi l&#039;exposici\u00f3"},"content":{"rendered":"<p style='text-align: center'><img alt='' src='\/contenido\/genericas\/20140211 RP Expo Monedes 1.JPG' style='height: 267px; width: 400px' \/><\/p>\n<p>&nbsp;<\/p>\n<p style='text-align: justify'>El <strong>Museu Arqueol\u00f2gic d&#039;Alcoi <\/strong>acull des d&#039;avui i <strong>fins el proper 13 d&#039;abril<\/strong> l&#039;exposici\u00f3 numism\u00e0tica <em>\u201c<strong>Monedes<\/strong>.<strong>Totes les cares de la hist\u00f2ria<\/strong>\u201d<\/em>. <strong>M\u00e9s de 150 peces<\/strong> procedents dels fons del MARQ componen aquesta nova mostra que explica els motius de l&#039;aparici\u00f3, la desaparici\u00f3 i la perviv\u00e8ncia dels diferents valors, monedes i sistemes monetaris que s&#039;han utilitzat a la prov\u00edncia d&#039;Alacant al llarg de la hist\u00f2ria.<\/p>\n<p style='text-align: justify'>El diputat provincial <strong>Javier Sendra<\/strong> i el regidor de Cultura d&#039;Alcoi <strong>Francesc Agull\u00f3<\/strong> han presentat aquest mat\u00ed aquesta exposici\u00f3 itinerant que compta amb el patrocini cultural de SUMA-Gesti\u00f3 Tribut\u00e0ria i que, despr\u00e9s del seu pas per Elx, Sant Vicent del Raspeig i Monforte del Cid, recala ara en aquest municipi de l\u00b4Alcoi\u00e0. L&#039;acte tamb\u00e9 ha comptat amb la participaci\u00f3 del comissari de la mostra <strong>Juliol Ramon<\/strong> <strong>S\u00e1nchez<\/strong> i del director del Museu Arqueol\u00f2gic de la localitat <strong>Jos\u00e9 Mar\u00eda Segura<\/strong>.<\/p>\n<p style='text-align: justify'>La Fundaci\u00f3 de la Comunitat Valenciana MARQ ha estat l&#039;encarregada d&#039;organitzar aquesta mostra que presta una atenci\u00f3 especial al contingut cient\u00edfic, aix\u00ed com als aspectes est\u00e8tics i did\u00e0ctics d&#039;aquest objecte. Integrada per un total de <strong>150 monedes i quatre reproduccions<\/strong>, explica els diversos punts de vista des dels quals el visitant es pot aproximar a la contemplaci\u00f3 d&#039;aquestes peces.<\/p>\n<p style='text-align: justify'>En aquest sentit, Sendra ha explicat que <u>aquesta exposici\u00f3 permet mostrar als ciutadans levoluci\u00f3 dun sistema monetari propi basat en lexist\u00e8ncia de monedes de diferent valor i denominaci\u00f3. Segons les circumst\u00e0ncies de cada moment hist\u00f2ric, la generalitzaci\u00f3 de l?\u00fas de la moneda ha respost a factors econ\u00f2mics, militars i fiscals. A m\u00e9s, la capacitat d&#039;emetre moneda ha estat s\u00edmbol d&#039;autoritat i l&#039;entitat emissora les ha dissenyat per comunicar i propagar un determinat missatge<\/u>.<\/p>\n<p style='text-align: justify'>Aix\u00ed mateix, l&#039;exposici\u00f3 dedica un espai a la <strong>numism\u00e0tica<\/strong>, una ci\u00e8ncia auxiliar de la hist\u00f2ria que s&#039;encarrega del <strong>estudi de les monedes<\/strong>, <strong>els seus<\/strong> <strong>sistemes de fabricaci\u00f3<\/strong>, <strong>el<\/strong> <strong>col\u00b7leccionisme<\/strong>, <strong>el<\/strong> <strong>fenomen de la formaci\u00f3 dels tresors de monedes o la seva ocupaci\u00f3 com a instrument de documentaci\u00f3 hist\u00f2rica<\/strong>.<\/p>\n<p style='text-align: justify'>La mostra es completa amb l&#039;edici\u00f3 d&#039;una <strong>guia did\u00e0ctica<\/strong> i amb diversos <strong>recursos<\/strong> <strong>audiovisuals<\/strong> que recullen imatges i informaci\u00f3 detallada de la mateixa i que permetran al p\u00fablic assimilar els continguts adquirits durant la visita.<\/p>\n<p style='text-align: justify'>Per part seva, Francesc Agull\u00f3 ha destacat la import\u00e0ncia d&#039;aquesta exposici\u00f3 i ha anunciat que <u>el museu de la localitat t\u00e9 previst organitzar visites destinades als centres escolars de la zona perqu\u00e8 els alumnes interactu\u00efn amb els continguts de la mostra i coneguin la hist\u00f2ria del sistema monetari provincial<\/u>.<\/p>","protected":false},"excerpt":{"rendered":"<p>&nbsp; El Museo Arqueol&oacute;gico de Alcoy acoge desde hoy y hasta el pr&oacute;ximo 13 de<span class=\"excerpt-hellip\"> [\u2026]<\/span><\/p>\n","protected":false},"author":3,"featured_media":0,"comment_status":"open","ping_status":"open","sticky":false,"template":"","format":"standard","meta":{"kia_subtitle":"","footnotes":""},"categories":[],"tags":[],"class_list":["post-33615","post","type-post","status-publish","format-standard","hentry"],"meta_box":[],"_links":{"self":[{"href":"https:\/\/marqalicante-admin.qwair.com\/va\/wp-json\/wp\/v2\/posts\/33615","targetHints":{"allow":["GET"]}}],"collection":[{"href":"https:\/\/marqalicante-admin.qwair.com\/va\/wp-json\/wp\/v2\/posts"}],"about":[{"href":"https:\/\/marqalicante-admin.qwair.com\/va\/wp-json\/wp\/v2\/types\/post"}],"author":[{"embeddable":true,"href":"https:\/\/marqalicante-admin.qwair.com\/va\/wp-json\/wp\/v2\/users\/3"}],"replies":[{"embeddable":true,"href":"https:\/\/marqalicante-admin.qwair.com\/va\/wp-json\/wp\/v2\/comments?post=33615"}],"version-history":[{"count":0,"href":"https:\/\/marqalicante-admin.qwair.com\/va\/wp-json\/wp\/v2\/posts\/33615\/revisions"}],"wp:attachment":[{"href":"https:\/\/marqalicante-admin.qwair.com\/va\/wp-json\/wp\/v2\/media?parent=33615"}],"wp:term":[{"taxonomy":"category","embeddable":true,"href":"https:\/\/marqalicante-admin.qwair.com\/va\/wp-json\/wp\/v2\/categories?post=33615"},{"taxonomy":"post_tag","embeddable":true,"href":"https:\/\/marqalicante-admin.qwair.com\/va\/wp-json\/wp\/v2\/tags?post=33615"}],"curies":[{"name":"wp","href":"https:\/\/api.w.org\/{rel}","templated":true}]}}