{"id":33609,"date":"2014-01-22T00:00:00","date_gmt":"2014-01-22T00:00:00","guid":{"rendered":"https:\/\/marqalicante-admin.qwair.com\/2014\/01\/22\/el-marq-acerca-a-los-ciudadanos-el-yacimiento-de-la-illeta-dels-banyets-a-traves-de-visitas-teatralizadas-2\/"},"modified":"2014-01-22T00:00:00","modified_gmt":"2014-01-22T00:00:00","slug":"el-marq-acerca-a-los-ciudadanos-el-yacimiento-de-la-illeta-dels-banyets-a-traves-de-visitas-teatralizadas-2","status":"publish","type":"post","link":"https:\/\/marqalicante-admin.qwair.com\/va\/el-marq-acerca-a-los-ciudadanos-el-yacimiento-de-la-illeta-dels-banyets-a-traves-de-visitas-teatralizadas-2\/","title":{"rendered":"El MARQ apropa als ciutadans el jaciment de la Illeta dels Banyets a trav\u00e9s de visites teatralitzades"},"content":{"rendered":"<p style='text-align: center'><img alt='' src='\/contenido\/genericas\/Illeta(6).jpg' style='height: 228px; width: 300px' \/><\/p>\n<p style='text-align: justify'>La <strong>Fundaci\u00f3 de la Comunitat Valenciana MARQ<\/strong> i el <strong>Ajuntament del Campello <\/strong>col\u00b7laboraran per segon any consecutiu en la promoci\u00f3 tur\u00edstica i cultural del jaciment arqueol\u00f2gic de <strong>la<\/strong> <strong>Illeta dels Banyets<\/strong>. La presidenta de la Diputaci\u00f3 d&#039;Alacant, <strong>Llu\u00efsa Pastor<\/strong>, i l&#039;alcalde de la localitat, <strong>Juanjo Berenguer<\/strong>, han subscrit aquest mat\u00ed el conveni que regular\u00e0 aquestes actuacions i que contempla, com a principal activitat, la realitzaci\u00f3 de <strong>visites teatralitzades<\/strong> a l&#039;enclavament. A l&#039;acte, celebrat a la Fira Internacional de Turisme FITUR, hi han assistit tamb\u00e9 el diputat de Turisme <strong>Joaqu\u00edn Albaladejo<\/strong> i les regidores <strong>Lorena Baeza i Marita Carratal\u00e1<\/strong>.<\/p>\n<p style='text-align: justify'>&nbsp;&nbsp;&nbsp;&nbsp;&nbsp;&nbsp;&nbsp;&nbsp;&nbsp;&nbsp; D&#039;aquesta manera, <strong>els ciutadans podran descobrir <\/strong>diversos <strong>aspectes relacionats amb els seus or\u00edgens i aprendre la hist\u00f2ria del passat <\/strong>al costat dels personatges que van habitar el jaciment en aquella \u00e8poca, des del m\u00f3n iber fins al segle XVI. Aquesta iniciativa arrencar\u00e0 a <strong>Setmana Santa<\/strong> amb tres passades que es duran a terme els dies <strong>18<\/strong>,<strong>19 i 20 d&#039;abril a les 12.00 hores<\/strong>. Les entrades es podran adquirir a trav\u00e9s d&#039;instanticket.es.<\/p>\n<p style='text-align: justify'>&nbsp;&nbsp;&nbsp;&nbsp;&nbsp;&nbsp;&nbsp;&nbsp;&nbsp;&nbsp; Un total de <strong>quinze<\/strong> <strong>visites teatralitzades <\/strong>componen aquesta activitat que, sota el t\u00edtol <em>&#39;<strong>La Illeta<\/strong>,<strong>Bressol de Civilitzacions<\/strong>&#39;<\/em>, es prolongar\u00e0 fins al proper mes de setembre. L&#039;objectiu d&#039;aquesta iniciativa \u00e9s apropar els ciutadans, potenciar i difondre aquest jaciment arqueol\u00f2gic, un dels m\u00e9s rellevants de la Comunitat Valenciana, no sols entre els ve\u00efns del Campello sin\u00f3 tamb\u00e9 entre els turistes que visiten el municipi.<\/p>\n<p style='text-align: justify'>&nbsp;&nbsp;&nbsp;&nbsp;&nbsp;&nbsp;&nbsp;&nbsp;&nbsp;&nbsp; Aix\u00ed mateix, el conveni de col\u00b7laboraci\u00f3 signat aquest mat\u00ed inclou el <strong>desenvolupament de<\/strong> <strong>activitats conjuntes com a cursos<\/strong>,<strong>exposicions<\/strong>, <strong>congressos<\/strong> <strong>o jornades<\/strong> i la <strong>promoci\u00f3 i difusi\u00f3 del jaciment per part de l&#039;Oficina de Turisme del municipi<\/strong> -horaris, informaci\u00f3 gen\u00e8rica o visites guiades- a trav\u00e9s d&#039;Internet o mitjan\u00e7ant l&#039;edici\u00f3 de fulletons.<\/p>\n<p style='text-align: justify'>&nbsp;&nbsp;&nbsp;&nbsp;&nbsp;&nbsp;&nbsp;&nbsp; &nbsp;A m\u00e9s, el MARQ i l&#039;Ajuntament del Campello elaboraran uns protocols d&#039;actuaci\u00f3 amb la finalitat de <strong>potenciar els recursos<\/strong>, <strong>les possibilitats<\/strong>, <strong>els<\/strong> <strong>productes i oferta del parc arqueol\u00f2gic a trav\u00e9s de les xarxes socials<\/strong> -Facebook, Twitter, etc.- o amb la <strong>organitzaci\u00f3 de visites protocol\u00b7l\u00e0ries<\/strong>, <strong>viatges de familiaritzaci\u00f3 o <em>press trips<\/em><\/strong>.<\/p>","protected":false},"excerpt":{"rendered":"<p>La Fundaci&oacute;n de la Comunidad Valenciana MARQ y el Ayuntamiento de El Campello colaborar&aacute;n por<span class=\"excerpt-hellip\"> [\u2026]<\/span><\/p>\n","protected":false},"author":3,"featured_media":0,"comment_status":"open","ping_status":"open","sticky":false,"template":"","format":"standard","meta":{"kia_subtitle":"","footnotes":""},"categories":[],"tags":[],"class_list":["post-33609","post","type-post","status-publish","format-standard","hentry"],"meta_box":[],"_links":{"self":[{"href":"https:\/\/marqalicante-admin.qwair.com\/va\/wp-json\/wp\/v2\/posts\/33609","targetHints":{"allow":["GET"]}}],"collection":[{"href":"https:\/\/marqalicante-admin.qwair.com\/va\/wp-json\/wp\/v2\/posts"}],"about":[{"href":"https:\/\/marqalicante-admin.qwair.com\/va\/wp-json\/wp\/v2\/types\/post"}],"author":[{"embeddable":true,"href":"https:\/\/marqalicante-admin.qwair.com\/va\/wp-json\/wp\/v2\/users\/3"}],"replies":[{"embeddable":true,"href":"https:\/\/marqalicante-admin.qwair.com\/va\/wp-json\/wp\/v2\/comments?post=33609"}],"version-history":[{"count":0,"href":"https:\/\/marqalicante-admin.qwair.com\/va\/wp-json\/wp\/v2\/posts\/33609\/revisions"}],"wp:attachment":[{"href":"https:\/\/marqalicante-admin.qwair.com\/va\/wp-json\/wp\/v2\/media?parent=33609"}],"wp:term":[{"taxonomy":"category","embeddable":true,"href":"https:\/\/marqalicante-admin.qwair.com\/va\/wp-json\/wp\/v2\/categories?post=33609"},{"taxonomy":"post_tag","embeddable":true,"href":"https:\/\/marqalicante-admin.qwair.com\/va\/wp-json\/wp\/v2\/tags?post=33609"}],"curies":[{"name":"wp","href":"https:\/\/api.w.org\/{rel}","templated":true}]}}