{"id":33607,"date":"2014-01-07T00:00:00","date_gmt":"2014-01-07T00:00:00","guid":{"rendered":"https:\/\/marqalicante-admin.qwair.com\/2014\/01\/07\/el-marq-impulsa-los-yacimientos-de-lucentum-y-la-illeta-dels-banyets-con-excursiones-para-toda-la-familia\/"},"modified":"2014-01-07T00:00:00","modified_gmt":"2014-01-07T00:00:00","slug":"el-marq-impulsa-los-yacimientos-de-lucentum-y-la-illeta-dels-banyets-con-excursiones-para-toda-la-familia","status":"publish","type":"post","link":"https:\/\/marqalicante-admin.qwair.com\/va\/el-marq-impulsa-los-yacimientos-de-lucentum-y-la-illeta-dels-banyets-con-excursiones-para-toda-la-familia\/","title":{"rendered":"El MARQ impulsa els jaciments de Lucentum i la Illeta dels Banyets amb excursions per a tota la fam\u00edlia"},"content":{"rendered":"<p style='text-align: center'><img alt='' src='\/contenido\/genericas\/lucentum aerea(1).jpg' style='height: 200px; width: 300px' \/>&nbsp;&nbsp;&nbsp;&nbsp;&nbsp;&nbsp;&nbsp;<\/p>\n<p style='text-align: justify'>&nbsp;<\/p>\n<p style='text-align: justify'>&nbsp;&nbsp;&nbsp;&nbsp;&nbsp;&nbsp;&nbsp;&nbsp;<span style='font-family: times new roman,times,serif'><span style='font-size: 16px'>&nbsp;El <strong>Museu <\/strong>ha programat per a aquest mes de <strong>gener<\/strong> <strong>diverses activitats culturals<\/strong> dirigides a tota la fam\u00edlia que inclouen propostes com <strong>tallers did\u00e0ctics<\/strong>, <strong>visites guiades o excursions<\/strong>. A trav\u00e9s d&#039;aquestes iniciatives, pretenem potenciar la difusi\u00f3 del contingut muse\u00edstic, alhora que despertar la curiositat dels m\u00e9s petits per descobrir la hist\u00f2ria dels seus avantpassats.<\/span><\/span><\/p>\n<p style='text-align: justify'><span style='font-size: 16px'><span style='font-family: georgia,serif'>&nbsp;&nbsp;&nbsp;&nbsp;&nbsp;&nbsp; &nbsp;<span style='font-family: times new roman,times,serif'>El calendari previst contempla per als <strong>diumenges 12 i 26 de gener <\/strong>un <strong>recorregut <\/strong>que combina una <strong>visita al museu <\/strong>amb una altra al <strong>jaciment de la Illeta dels Banyets<\/strong>, al Campello. El <strong>diumenge 19<\/strong>, per part seva, l&#039;excursi\u00f3 tindr\u00e0 lloc <strong>al MARQ i al parc arqueol\u00f2gic del Tossal de Manises<\/strong>. Les persones que vulguin participar en qualsevol d&#039;aquestes activitats, destinades a tota la fam\u00edlia, poden obtenir m\u00e9s informaci\u00f3 i fer-ne la inscripci\u00f3 pr\u00e8via a trav\u00e9s del nostre web marqalicante-classic-admin.qwair.com. L\u00b4organitzaci\u00f3 recomana portar roba i cal\u00e7at esportiu, gorra, crema solar, ulleres de sol i beguda.<\/span><\/span><\/span><\/p>\n<div style='text-align: justify'><span style='font-size: 16px'><span style='font-family: georgia,serif'>&nbsp;<\/span><\/span><span style='font-size: 16px'><span style='font-family: georgia,serif'>&nbsp;&nbsp;&nbsp;&nbsp;&nbsp; <span style='font-family: times new roman,times,serif'>Tamb\u00e9 durant aquest mes, continuem amb els <strong>tallers did\u00e0ctics per a nens<\/strong> entre 8 i 12 anys. Aquesta activitat, que tindr\u00e0 lloc els <strong>dissabtes 18 i 25 de 18:00 a 20:00 hores<\/strong>, permetr\u00e0 als joves aprendre alhora que es diverteixen jugant.<\/span><\/span><\/span><\/div>\n<div style='text-align: justify'>&nbsp;<\/div>\n<div style='text-align: justify'><span style='font-size: 16px'><span style='font-family: georgia,serif'>&nbsp;<\/span><\/span><span style='font-size: 16px'><span style='font-family: georgia,serif'>&nbsp;&nbsp;&nbsp;&nbsp;&nbsp;&nbsp;&nbsp;<span style='font-family: times new roman,times,serif'> La programaci\u00f3 inclou el <strong>dimecres 15 de gener a les 10:00 hores<\/strong> una <strong>visita guiada a la sala de Prehist\u00f2ria del museu <\/strong>impartida per un membre de la<strong>Associaci\u00f3 Alacantina S\u00edndrome de Down<\/strong>. Aix\u00ed mateix, el <strong>dissabte 25 a les 19:00 hores<\/strong> est\u00e0 previst un recorregut guiat impartit per membres del projecte <em>\u201c<strong>Guia del MARQ per un dia<\/strong>\u201d <\/em>i realitzat en col\u00b7laboraci\u00f3 amb l&#039;Associaci\u00f3 <strong>ASPALI<\/strong> -Asperger Alacant-.<\/span><\/span><\/span><\/div>\n<p style='text-align: justify'><span style='font-family: times new roman,times,serif'><span style='font-size: 16px'>&nbsp;<\/span><\/span><span style='font-size: 16px'><span style='font-family: georgia,serif'>&nbsp;&nbsp;&nbsp;&nbsp;&nbsp;&nbsp; <span style='font-family: times new roman,times,serif'>Finalment, el <strong>diumenge 26 a les 10:00 hores <\/strong>tindr\u00e0 lloc una ruta cultural per les torres de l&#039;Horta d&#039;Alacant.<\/span><\/span><\/span><\/p>","protected":false},"excerpt":{"rendered":"<p>&nbsp;&nbsp;&nbsp;&nbsp;&nbsp;&nbsp;&nbsp; &nbsp; &nbsp;&nbsp;&nbsp;&nbsp;&nbsp;&nbsp;&nbsp;&nbsp;&nbsp;El Museo ha programado para este mes de enero diversas actividades culturales dirigidas<span class=\"excerpt-hellip\"> [\u2026]<\/span><\/p>\n","protected":false},"author":3,"featured_media":0,"comment_status":"open","ping_status":"open","sticky":false,"template":"","format":"standard","meta":{"kia_subtitle":"","footnotes":""},"categories":[],"tags":[],"class_list":["post-33607","post","type-post","status-publish","format-standard","hentry"],"meta_box":[],"_links":{"self":[{"href":"https:\/\/marqalicante-admin.qwair.com\/va\/wp-json\/wp\/v2\/posts\/33607","targetHints":{"allow":["GET"]}}],"collection":[{"href":"https:\/\/marqalicante-admin.qwair.com\/va\/wp-json\/wp\/v2\/posts"}],"about":[{"href":"https:\/\/marqalicante-admin.qwair.com\/va\/wp-json\/wp\/v2\/types\/post"}],"author":[{"embeddable":true,"href":"https:\/\/marqalicante-admin.qwair.com\/va\/wp-json\/wp\/v2\/users\/3"}],"replies":[{"embeddable":true,"href":"https:\/\/marqalicante-admin.qwair.com\/va\/wp-json\/wp\/v2\/comments?post=33607"}],"version-history":[{"count":0,"href":"https:\/\/marqalicante-admin.qwair.com\/va\/wp-json\/wp\/v2\/posts\/33607\/revisions"}],"wp:attachment":[{"href":"https:\/\/marqalicante-admin.qwair.com\/va\/wp-json\/wp\/v2\/media?parent=33607"}],"wp:term":[{"taxonomy":"category","embeddable":true,"href":"https:\/\/marqalicante-admin.qwair.com\/va\/wp-json\/wp\/v2\/categories?post=33607"},{"taxonomy":"post_tag","embeddable":true,"href":"https:\/\/marqalicante-admin.qwair.com\/va\/wp-json\/wp\/v2\/tags?post=33607"}],"curies":[{"name":"wp","href":"https:\/\/api.w.org\/{rel}","templated":true}]}}