{"id":33602,"date":"2013-12-03T00:00:00","date_gmt":"2013-12-03T00:00:00","guid":{"rendered":"https:\/\/marqalicante-admin.qwair.com\/2013\/12\/03\/el-marq-celebra-el-dia-internacional-de-la-personas-con-discapacidad-con-actividades-paea-este-colectivo\/"},"modified":"2013-12-03T00:00:00","modified_gmt":"2013-12-03T00:00:00","slug":"el-marq-celebra-el-dia-internacional-de-la-personas-con-discapacidad-con-actividades-paea-este-colectivo","status":"publish","type":"post","link":"https:\/\/marqalicante-admin.qwair.com\/va\/el-marq-celebra-el-dia-internacional-de-la-personas-con-discapacidad-con-actividades-paea-este-colectivo\/","title":{"rendered":"El MARQ celebra el Dia Internacional de la Persones amb Discapacitat amb activitats paea aquest col\u00b7lectiu"},"content":{"rendered":"<p style='text-align: center'><img alt='' src='\/contenido\/genericas\/120213 dia internacional personas discapacidad.jpg' style='height: 200px; width: 300px' \/><\/p>\n<p>&nbsp;<\/p>\n<p style='text-align: justify'>El <strong>Museu Arqueol\u00f2gic d&#039;Alacant <\/strong>commemora el \u201c<strong>Dia Internacional de les Persones amb Discapacitat<\/strong>\u201d a trav\u00e9s d&#039;un programa d&#039;activitats l\u00fadiques i did\u00e0ctiques complet dirigit a aquest col\u00b7lectiu. Amb aquesta iniciativa, el MARQ pret\u00e9n difondre i facilitar el <strong>acc\u00e9s de les persones que tenen alguna diversitat funcional al patrimoni cultural <\/strong>que atresora la prov\u00edncia.<\/p>\n<p style='text-align: justify'>&nbsp;&nbsp;&nbsp;&nbsp;&nbsp;&nbsp;&nbsp;&nbsp; El centre ha programat per <strong>avui dimarts a les 16.30 hores<\/strong> una <strong>visita en llengua de signes<\/strong> <strong>impartida per guies amb discapacitat auditiva <\/strong>a l&#039;exposici\u00f3 <em>\u201c<strong>El regne de la sal. 7000 anys d&#039;hist\u00f2ria de Hallstatt<\/strong>\u201d. <\/em>A trav\u00e9s d&#039;aquesta activitat, el MARQ busca millorar la qualitat de vida i afavorir l&#039;autonomia i la integraci\u00f3 d&#039;aquest col\u00b7lectiu en els diferents \u00e0mbits socials, aix\u00ed com oferir a les persones sordes l&#039;oportunitat de participar com a guies del museu.<\/p>\n<p style='text-align: justify'>&nbsp;&nbsp;&nbsp;&nbsp;&nbsp;&nbsp;&nbsp;&nbsp; A m\u00e9s, el centre acollir\u00e0 el <strong>dijous 5 de desembre a les 18:00 hores<\/strong> el <em>\u201c<strong>Trobada MARQ-APESOA<\/strong>\u201d, <\/em>una jornada en qu\u00e8 s&#039;informar\u00e0 els assistents de les activitats per a persones sordes que s&#039;han realitzat durant el 2013, aix\u00ed com dels nous projectes per al 2014.<\/p>\n<p style='text-align: justify'>El <strong>dimecres<\/strong> <strong>11 de desembre a les 12:30 hores<\/strong> tindr\u00e0 lloc un <strong>passi guiat<\/strong> a la mostra internacional <em>\u201cEl regne de la Sal\u201d <\/em>en qu\u00e8 participaran <strong>membres de l&#039;ONCE<\/strong> Alacant. Tamb\u00e9 per a aquesta exposici\u00f3 est\u00e0 prevista el <strong>dissabte 21 a les 11:00 hores<\/strong> una <strong>visita teatralitzada en llengua de signes<\/strong>.<\/p>\n<p style='text-align: justify'>Finalment, el <strong>divendres 13 de desembre a les 12:00 hores<\/strong> el museu oferir\u00e0 una visita guiada a la seva col\u00b7lecci\u00f3 permanent que ser\u00e0 impartida pels participants del projecte <em>\u201c<strong>Guies del MARQ per un dia<\/strong>\u201d, <\/em>desenvolupat en col\u00b7laboraci\u00f3 amb ASPALI, la <strong>Associaci\u00f3 Asperger d&#039;Alacant<\/strong>.<\/p>\n<p style='text-align: justify'>El Museu Arqueol\u00f2gic d&#039;Alacant col\u00b7labora des de fa anys amb diverses associacions i organismes de la prov\u00edncia en la implantaci\u00f3 d&#039;iniciatives destinades al p\u00fablic amb discapacitat i actualment est\u00e0 <strong>\u00edntegrament<\/strong> <strong>adaptat <\/strong>perqu\u00e8 aquest col\u00b7lectiu pugui gaudir dels seus continguts. En aquest sentit, el projecte d&#039;accessibilitat del centre va rebre el mes de novembre passat un dels <strong>Premis Solidaris que anualment concedeix la Fundaci\u00f3 ONCE Comunitat Valenciana<\/strong> i que reconeixen la feina d&#039;aquelles persones, institucions o empreses que desenvolupen programes relacionats amb la integraci\u00f3 de les persones amb discapacitat i la supressi\u00f3 de barreres f\u00edsiques.<\/p>","protected":false},"excerpt":{"rendered":"<p>&nbsp; El Museo Arqueol&oacute;gico de Alicante conmemora el &ldquo;D&iacute;a Internacional de las Personas con Discapacidad&rdquo;<span class=\"excerpt-hellip\"> [\u2026]<\/span><\/p>\n","protected":false},"author":3,"featured_media":0,"comment_status":"open","ping_status":"open","sticky":false,"template":"","format":"standard","meta":{"kia_subtitle":"","footnotes":""},"categories":[],"tags":[],"class_list":["post-33602","post","type-post","status-publish","format-standard","hentry"],"meta_box":[],"_links":{"self":[{"href":"https:\/\/marqalicante-admin.qwair.com\/va\/wp-json\/wp\/v2\/posts\/33602","targetHints":{"allow":["GET"]}}],"collection":[{"href":"https:\/\/marqalicante-admin.qwair.com\/va\/wp-json\/wp\/v2\/posts"}],"about":[{"href":"https:\/\/marqalicante-admin.qwair.com\/va\/wp-json\/wp\/v2\/types\/post"}],"author":[{"embeddable":true,"href":"https:\/\/marqalicante-admin.qwair.com\/va\/wp-json\/wp\/v2\/users\/3"}],"replies":[{"embeddable":true,"href":"https:\/\/marqalicante-admin.qwair.com\/va\/wp-json\/wp\/v2\/comments?post=33602"}],"version-history":[{"count":0,"href":"https:\/\/marqalicante-admin.qwair.com\/va\/wp-json\/wp\/v2\/posts\/33602\/revisions"}],"wp:attachment":[{"href":"https:\/\/marqalicante-admin.qwair.com\/va\/wp-json\/wp\/v2\/media?parent=33602"}],"wp:term":[{"taxonomy":"category","embeddable":true,"href":"https:\/\/marqalicante-admin.qwair.com\/va\/wp-json\/wp\/v2\/categories?post=33602"},{"taxonomy":"post_tag","embeddable":true,"href":"https:\/\/marqalicante-admin.qwair.com\/va\/wp-json\/wp\/v2\/tags?post=33602"}],"curies":[{"name":"wp","href":"https:\/\/api.w.org\/{rel}","templated":true}]}}