{"id":33599,"date":"2013-11-21T00:00:00","date_gmt":"2013-11-21T00:00:00","guid":{"rendered":"https:\/\/marqalicante-admin.qwair.com\/2013\/11\/21\/el-marq-rindio-homenaje-a-la-investigadora-gabriela-martin-por-su-contribucion-a-la-arqueologia-alicantina\/"},"modified":"2013-11-21T00:00:00","modified_gmt":"2013-11-21T00:00:00","slug":"el-marq-rindio-homenaje-a-la-investigadora-gabriela-martin-por-su-contribucion-a-la-arqueologia-alicantina","status":"publish","type":"post","link":"https:\/\/marqalicante-admin.qwair.com\/va\/el-marq-rindio-homenaje-a-la-investigadora-gabriela-martin-por-su-contribucion-a-la-arqueologia-alicantina\/","title":{"rendered":"El MARQ va retre homenatge a la investigadora Gabriela Mart\u00edn per la seva contribuci\u00f3 a l&#039;arqueologia alacantina"},"content":{"rendered":"<p style='text-align: center'><img alt='' src='\/contenido\/genericas\/112013 homenaje a gabriela martin.jpg' style='height: 200px; width: 300px' \/><\/p>\n<p>&nbsp;<\/p>\n<p style='text-align: justify'>Ahir al sal\u00f3 d&#039;actes del MARQ va tenir lloc l&#039;homenatge a la investigadora <strong>Gabriela Mart\u00edn<\/strong> per la seva traject\u00f2ria professional i pel paper rellevant que l&#039;arque\u00f2loga ha tingut en la hist\u00f2ria de la investigaci\u00f3 del patrimoni arqueol\u00f2gic d&#039;Alacant.<\/p>\n<p style='text-align: justify'>&nbsp;&nbsp;&nbsp;&nbsp;&nbsp;&nbsp;&nbsp; &nbsp;L\u00b4esdeveniment va comptar amb la pres\u00e8ncia del director t\u00e8cnic del MARQ <strong>Manuel Olcina<\/strong>, qui va pronunciar la confer\u00e8ncia <em>\u201c<strong>Les pesqueries romanes de la costa d&#039;Alacant quaranta-tres anys despr\u00e9s<\/strong>\u201d, <\/em>i del professor <strong>Mauro S. Hern\u00e1ndez<\/strong>,que va oferir la pon\u00e8ncia <em>\u201c<strong>Gabriela Mart\u00edn, una arque\u00f2loga a la vora d&#039;un mar i d&#039;un oce\u00e0<\/strong>\u201d. <\/em><\/p>\n<p style='text-align: justify'>&nbsp;&nbsp;&nbsp;&nbsp;&nbsp;&nbsp;&nbsp;&nbsp; Per la seva banda, el catedr\u00e0tic <strong>Lorenzo Abad <\/strong>va xerrar sobre <em>\u201c<strong>Els Antigons-Lucentum i una ciutat romana perduda a Alacant<\/strong>\u201d, <\/em>mentre que l&#039;experta <strong>Carmen Aranegu\u00ed<\/strong> ho va fer sobre la <strong>contribuci\u00f3 de Gabriela Mart\u00edn a l&#039;arqueologia alacantina<\/strong>.<\/p>\n<p style='text-align: justify'>&nbsp;&nbsp;&nbsp;&nbsp;&nbsp;&nbsp;&nbsp;&nbsp; Per acabar, l&#039;homenatjada va dirigir unes paraules a tots els assistents.<\/p>","protected":false},"excerpt":{"rendered":"<p>&nbsp; Ayer en el sal&oacute;n de actos del MARQ, tuvo lugar el homenaje a la<span class=\"excerpt-hellip\"> [\u2026]<\/span><\/p>\n","protected":false},"author":3,"featured_media":0,"comment_status":"open","ping_status":"open","sticky":false,"template":"","format":"standard","meta":{"kia_subtitle":"","footnotes":""},"categories":[],"tags":[],"class_list":["post-33599","post","type-post","status-publish","format-standard","hentry"],"meta_box":[],"_links":{"self":[{"href":"https:\/\/marqalicante-admin.qwair.com\/va\/wp-json\/wp\/v2\/posts\/33599","targetHints":{"allow":["GET"]}}],"collection":[{"href":"https:\/\/marqalicante-admin.qwair.com\/va\/wp-json\/wp\/v2\/posts"}],"about":[{"href":"https:\/\/marqalicante-admin.qwair.com\/va\/wp-json\/wp\/v2\/types\/post"}],"author":[{"embeddable":true,"href":"https:\/\/marqalicante-admin.qwair.com\/va\/wp-json\/wp\/v2\/users\/3"}],"replies":[{"embeddable":true,"href":"https:\/\/marqalicante-admin.qwair.com\/va\/wp-json\/wp\/v2\/comments?post=33599"}],"version-history":[{"count":0,"href":"https:\/\/marqalicante-admin.qwair.com\/va\/wp-json\/wp\/v2\/posts\/33599\/revisions"}],"wp:attachment":[{"href":"https:\/\/marqalicante-admin.qwair.com\/va\/wp-json\/wp\/v2\/media?parent=33599"}],"wp:term":[{"taxonomy":"category","embeddable":true,"href":"https:\/\/marqalicante-admin.qwair.com\/va\/wp-json\/wp\/v2\/categories?post=33599"},{"taxonomy":"post_tag","embeddable":true,"href":"https:\/\/marqalicante-admin.qwair.com\/va\/wp-json\/wp\/v2\/tags?post=33599"}],"curies":[{"name":"wp","href":"https:\/\/api.w.org\/{rel}","templated":true}]}}