{"id":33597,"date":"2013-11-13T00:00:00","date_gmt":"2013-11-13T00:00:00","guid":{"rendered":"https:\/\/marqalicante-admin.qwair.com\/2013\/11\/13\/el-marq-va-a-rendir-homenaje-a-la-cientifica-valenciana-gabriela-martin-avila-por-su-contribucion-a-la-investigacion-del-patrimonio-arqueologico-alicantino\/"},"modified":"2013-11-13T00:00:00","modified_gmt":"2013-11-13T00:00:00","slug":"el-marq-va-a-rendir-homenaje-a-la-cientifica-valenciana-gabriela-martin-avila-por-su-contribucion-a-la-investigacion-del-patrimonio-arqueologico-alicantino","status":"publish","type":"post","link":"https:\/\/marqalicante-admin.qwair.com\/va\/el-marq-va-a-rendir-homenaje-a-la-cientifica-valenciana-gabriela-martin-avila-por-su-contribucion-a-la-investigacion-del-patrimonio-arqueologico-alicantino\/","title":{"rendered":"El MARQ retr\u00e0 homenatge a la cient\u00edfica valenciana Gabriela Mart\u00edn \u00c1vila per la seua contribuci\u00f3 a la investigaci\u00f3 del patrimoni arqueol\u00f2gic alacant\u00ed"},"content":{"rendered":"<p style='text-align: center'>&nbsp;&nbsp;<img alt='' src='\/contenido\/genericas\/gabriela(2).jpg' style='height: 94px; width: 200px' \/><\/p>\n<p style='text-align: justify'>Amb aquesta jornada el museu continua el seu cicle de reconeixements a personatges il\u00b7lustres del m\u00f3n de l&#039;arqueologia vinculats amb la prov\u00edncia.<\/p>\n<p style='text-align: justify'>L&#039;any 2005 el museu <strong>va rendir homenatge <\/strong>a l&#039;arque\u00f2loga sueca <strong>Solveig Nordstrom<\/strong> i l&#039;any 2010 al cient\u00edfic alemany <strong>Hermanfried Schubart<\/strong> i ara el 2013 a l&#039;Arque\u00f2loga <strong>Gabriela Mart\u00edn \u00c0vila<\/strong>.<\/p>\n<p style='text-align: justify'>El <strong>MARQ,<\/strong> <strong>rendeix<\/strong> el dia 20 de novembre, un <strong>homenatge a la cient\u00edfica valenciana Gabriela Mart\u00edn<\/strong> <strong>\u00c0vila<\/strong> pel seu <strong>contribuci\u00f3 a la investigaci\u00f3 del patrimoni arqueol\u00f2gic alacant\u00ed<\/strong>. L\u00b4esdeveniment tindr\u00e0 lloc al sal\u00f3 d\u00b4actes del MARQ i comptar\u00e0 amb la pres\u00e8ncia de destacats col\u00b7legues de professi\u00f3, col\u00b7laboradors i amics.<\/p>\n<p style='text-align: justify'>\u201c<strong>Arque\u00f2legs a Alacant<\/strong>. <strong>Una jornada amb Gabriela Mart\u00edn \u00c1vila<\/strong>\u201cpret\u00e9n recon\u00e8ixer els treballs duts a terme per la cient\u00edfica en terres alacantines, com la intervenci\u00f3 al costat de Tarradell al Tossal de Manises (Alacant) La Serreta (Alcoi) i la Cova Ampla del Montg\u00f3 (X\u00e0bia).<\/p>\n<p style='text-align: justify'>Nascuda el 1935, Gabriela Mart\u00edn \u00c1vila va realitzar els seus estudis a la Universitat de Val\u00e8ncia, on va formar part del grup de recerca encap\u00e7alat pel professor Miquel Tarradell, catedr\u00e0tic d&#039;Arqueologia d&#039;aquesta universitat. Vinculada a m\u00e9s al Laboratori d&#039;Arqueologia d&#039;aquesta ciutat, va participar el 1962 al naixement de la seva publicaci\u00f3 peri\u00f2dica, els <em>Papers del Laboratori d&#039;Arqueologia de Val\u00e8ncia<\/em>. Va exercir com a professora adjunta i juntament amb altres investigadors com Enrique Llobregat va pert\u00e0nyer a una generaci\u00f3 de joves arque\u00f2legs de formaci\u00f3 internacional sorgits als anys 60, completant el seu aprenentatge a les universitats italianes de Perusa i Bordighera.<\/p>\n<p style='text-align: justify'>Gabriela Mart\u00edn va intervenir en diverses excavacions completant aix\u00ed la seva formaci\u00f3 com a arque\u00f2loga de camp. Va adquirir fins i tot una \u00e0mplia experi\u00e8ncia en excavacions subaqu\u00e0tiques. Per\u00f2 sobretot manifesta un particular inter\u00e8s pel m\u00f3n rom\u00e0, esdevenint especialista en la cer\u00e0mica, com demostra la seva tesina sobre la <em>sigillata<\/em> de <em>Saguntum<\/em> defensada el 1962. Es va encarregar tamb\u00e9 de la catalogaci\u00f3 d&#039;aquestes produccions tant al jaciment mallorqu\u00ed de <em>Pol\u00b7l\u00e8ntia<\/em> com a la <em>Valentia<\/em> romana, amb motiu de les excavacions efectuades a la c\u00e8ntrica Pla\u00e7a de la Reina. En aquest sentit, cal destacar en aquesta investigadora un especial inter\u00e8s a aplicar les modernes t\u00e8cniques de dataci\u00f3 de les cer\u00e0miques importades, aix\u00ed com a incloure a les seves publicacions els imprescindibles recursos gr\u00e0fics, molts d&#039;ells encara vigents en la investigaci\u00f3 arqueol\u00f2gica actual.<\/p>\n<p style='text-align: justify'>Les excavacions de 1964 al jaciment de Punta de l&#039;Arenal (X\u00e0bia), codirigides juntament amb Domingo Fletcher, suposen un punt d&#039;inflexi\u00f3 a la traject\u00f2ria de Gabriela Mart\u00edn, la qual interpreta aquest enclavament com una factoria pesquera romana destinada a l&#039;elaboraci\u00f3 de salaons. Avui considerada una vila mar\u00edtima amb un viver associat, aquest jaciment va suposar en el seu moment un important esper\u00f3 per al desenvolupament d&#039;estudis sobre els vestigis d&#039;activitats pesqueres d&#039;\u00e8poca romana a la prov\u00edncia d&#039;Alacant, representant alhora un important aven\u00e7 en el coneixement de aquestes activitats econ\u00f2miques en aquest territori.<\/p>\n<p style='text-align: justify'>Bona coneixedora de les fonts cl\u00e0ssiques grecollatines i conscient de la cr\u00edtica a qu\u00e8 calia sotmetre-les a l&#039;hora d&#039;efectuar qualsevol estudi dedicat a les societats del passat, Gabriela Mart\u00edn va aprofitar aquest bagatge per a l&#039;elaboraci\u00f3 de la seva tesi doctoral, defensada el 1967 i publicada tres anys m\u00e9s tard en forma de monografia sota el t\u00edtol <em>Dianium<\/em>. <em>Arqueologia romana de D\u00e9nia<\/em>. Aquest treball es considera pioner en la investigaci\u00f3 arqueol\u00f2gica de la comarca de D\u00e9nia-X\u00e0bia i constitueix la primera an\u00e0lisi moderna sobre aquestes q\u00fcestions, ja que combina magistralment la informaci\u00f3 proporcionada pels textos antics i pels testimonis arqueol\u00f2gics, especialment l&#039;epigrafia i la cer\u00e0mica . Cal destacar a m\u00e9s l&#039;estudi que realitza sobre la possible localitzaci\u00f3 de la col\u00f2nia grega de <em>Hemeroskopeion<\/em> servint-se tant de la cr\u00edtica a les fonts escrites com de l&#039;an\u00e0lisi de troballes arqueol\u00f2giques de diferent naturalesa (epigrafia, numism\u00e0tica, arquitectura, escultura, cer\u00e0mica) aconseguint relativitzar la validesa de les refer\u00e8ncies dels textos antics davant l&#039;Arqueologia.<\/p>\n<p style='text-align: justify'>Al costat del que va ser el seu director de tesi, Miquel Tarradell, Gabriela va desenvolupar l&#039;estudi de les cer\u00e0miques tardorromanes dels segles V-VI del jaciment conegut aleshores com els Antigons, en ple barri alacant\u00ed de Benal\u00faa, reprenent aix\u00ed el vell debat sobre la possible ubicaci\u00f3 en aquest lloc de la <em>Lucentum<\/em> romana que, amb el temps, i gr\u00e0cies fonamentalment a les recents excavacions, s&#039;ha pogut confirmar que aquest municipi s&#039;ubicaria definitivament al Tossal de Manises.<\/p>\n<p style='text-align: justify'>El 1970 es produeix un canvi de rumb fonamental a la vida de Gabriela Mart\u00edn en incorporar-se, mitjan\u00e7ant oposici\u00f3, com a professora adjunta del Departament d&#039;Hist\u00f2ria de la Universitat Federal de Pernambuco a Recife (Brasil), impartint classes de Prehist\u00f2ria i Arqueologia en aquesta i en la Universitat Cat\u00f2lica de la mateixa ciutat. Directora de diversos projectes de recerca, alguns dels quals han culminat en tesis doctorals, ha participat en la creaci\u00f3 i la publicaci\u00f3 de diverses revistes especialitzades, ocupant a m\u00e9s diversos llocs de responsabilitat dins del camp de la gesti\u00f3 del patrimoni arqueol\u00f2gic, hist\u00f2ric i natural. Centrada en la conservaci\u00f3, posada en valor i difusi\u00f3 del patrimoni esmentat, ha demostrat a m\u00e9s un gran coneixement sobre la prehist\u00f2ria sud-americana i, en concret, del seu art rupestre. Aquesta dedicaci\u00f3 a l&#039;arqueologia brasilera no ha suposat un obstacle per continuar amb la seua tasca investigadora sobre les produccions cer\u00e0miques romanes en jaciments valencians, alhora que ha exercit com a docent universit\u00e0ria, c\u00e0rrec que li ha proporcionat un gran respecte i admiraci\u00f3 per part de successives promocions dalumnes i deixebles.<\/p>","protected":false},"excerpt":{"rendered":"<p>&nbsp;&nbsp; Con esta jornada el museo contin&uacute;a su ciclo de reconocimientos a ilustres personajes del<span class=\"excerpt-hellip\"> [\u2026]<\/span><\/p>\n","protected":false},"author":3,"featured_media":0,"comment_status":"open","ping_status":"open","sticky":false,"template":"","format":"standard","meta":{"kia_subtitle":"","footnotes":""},"categories":[],"tags":[],"class_list":["post-33597","post","type-post","status-publish","format-standard","hentry"],"meta_box":[],"_links":{"self":[{"href":"https:\/\/marqalicante-admin.qwair.com\/va\/wp-json\/wp\/v2\/posts\/33597","targetHints":{"allow":["GET"]}}],"collection":[{"href":"https:\/\/marqalicante-admin.qwair.com\/va\/wp-json\/wp\/v2\/posts"}],"about":[{"href":"https:\/\/marqalicante-admin.qwair.com\/va\/wp-json\/wp\/v2\/types\/post"}],"author":[{"embeddable":true,"href":"https:\/\/marqalicante-admin.qwair.com\/va\/wp-json\/wp\/v2\/users\/3"}],"replies":[{"embeddable":true,"href":"https:\/\/marqalicante-admin.qwair.com\/va\/wp-json\/wp\/v2\/comments?post=33597"}],"version-history":[{"count":0,"href":"https:\/\/marqalicante-admin.qwair.com\/va\/wp-json\/wp\/v2\/posts\/33597\/revisions"}],"wp:attachment":[{"href":"https:\/\/marqalicante-admin.qwair.com\/va\/wp-json\/wp\/v2\/media?parent=33597"}],"wp:term":[{"taxonomy":"category","embeddable":true,"href":"https:\/\/marqalicante-admin.qwair.com\/va\/wp-json\/wp\/v2\/categories?post=33597"},{"taxonomy":"post_tag","embeddable":true,"href":"https:\/\/marqalicante-admin.qwair.com\/va\/wp-json\/wp\/v2\/tags?post=33597"}],"curies":[{"name":"wp","href":"https:\/\/api.w.org\/{rel}","templated":true}]}}