{"id":33583,"date":"2013-09-23T00:00:00","date_gmt":"2013-09-23T00:00:00","guid":{"rendered":"https:\/\/marqalicante-admin.qwair.com\/2013\/09\/23\/el-marq-oferta-un-otono-cultural-con-actividades-para-toda-la-familia\/"},"modified":"2013-09-23T00:00:00","modified_gmt":"2013-09-23T00:00:00","slug":"el-marq-oferta-un-otono-cultural-con-actividades-para-toda-la-familia","status":"publish","type":"post","link":"https:\/\/marqalicante-admin.qwair.com\/va\/el-marq-oferta-un-otono-cultural-con-actividades-para-toda-la-familia\/","title":{"rendered":"El MARQ ofereix una tardor cultural amb activitats per a tota la fam\u00edlia"},"content":{"rendered":"<p style='text-align: center;'><img alt='' src='\/contenido\/genericas\/DSCN0548.JPG' style='width: 300px; height: 225px;' \/><\/p>\n<p style='text-align: justify;'>El <strong>Museu <\/strong>ha programat per a la temporada de tardor diverses <strong>activitats culturals<\/strong> dirigides a tota la fam\u00edlia que inclouen propostes com a tallers did\u00e0ctics per a nens, visites teatralitzades i passis familiars. A trav\u00e9s d&#039;aquestes iniciatives pioneres, pretenem potenciar la difusi\u00f3 del museu, alhora que apropar els jaciments arqueol\u00f2gics als ciutadans.<\/p>\n<p style='text-align: justify;'>Des del proper 5 d&#039;octubre durant els caps de setmana, oferirem <strong>tallers<\/strong>, <strong>visites guiades<\/strong> i <strong>teatralitzades<\/strong>, <strong>rutes de senderisme<\/strong>, <strong>paquets de vistes conjuntes<\/strong> i <strong>rutes culturals<\/strong>, a m\u00e9s s&#039;ampliar\u00e0 l&#039;horari dels dissabtes en una hora i mitja, fins a les 20.30 hores.<\/p>\n<p style='text-align: justify;'>Tots els <strong>dissabtes a les 12:00<\/strong> ia les <strong>17:30<\/strong> hores es podr\u00e0 fer una visita guiada a l&#039;exposici\u00f3 \u201cEl Regne de la Sal, 7.000 anys d&#039;hist\u00f2ria de Hallstatt\u201d ia les <strong>19: 15<\/strong> hores comptarem amb una visita teatralitzada. Des de les <strong>18:00 hores<\/strong> fins a les <strong>20:00 hores<\/strong> els nens entre 8 i 12 anys tindran l&#039;opci\u00f3 de participar en diversos tallers. El termini per inscriure&#039;s a les activitats dels dissabtes 5 i 19 d&#039;octubre, 9 i 23 de novembre i 7 de desembre ja \u00e9s obert. Als pares que els acompanyin se&#039;ls oferir\u00e0 la possibilitat de participar amb els seus fills i filles en una visita guiada per les sales del MARQ amb tarifa redu\u00efda.<\/p>\n<p style='text-align: justify;'>D&#039;altra banda, els <strong>diumenges<\/strong> al mat\u00ed, en col\u00b7laboraci\u00f3 amb l&#039;Associaci\u00f3 Cultural MASCARAT, s&#039;oferir\u00e0 una vegada al mes una ruta on es combinar\u00e0 el senderisme i l&#039;arqueologia. Tamb\u00e9 es podran efectuar visites guiades, coordinades amb algun dels jaciments propers al centre, al Tossal de Manises, a la ciutat romana de Lucentum oa la Illeta del Banyets, al Campello. La idea \u00e9s que els participants es desplacin d&#039;un enclavament a un altre fent un passeig a peu, amb bicicleta o utilitzant el TRAM.<\/p>\n<p style='text-align: justify;'>Per poder participar en aquestes activitats, les persones interessades hauran de fer una inscripci\u00f3 a trav\u00e9s del web del museu, <strong>marqalicante.com<\/strong>, ja que les places s\u00f3n limitades.<\/p>","protected":false},"excerpt":{"rendered":"<p>El Museo ha programado para la temporada de oto&ntilde;o diversas actividades culturales dirigidas a toda<span class=\"excerpt-hellip\"> [\u2026]<\/span><\/p>\n","protected":false},"author":3,"featured_media":0,"comment_status":"open","ping_status":"open","sticky":false,"template":"","format":"standard","meta":{"kia_subtitle":"","footnotes":""},"categories":[],"tags":[],"class_list":["post-33583","post","type-post","status-publish","format-standard","hentry"],"meta_box":[],"_links":{"self":[{"href":"https:\/\/marqalicante-admin.qwair.com\/va\/wp-json\/wp\/v2\/posts\/33583","targetHints":{"allow":["GET"]}}],"collection":[{"href":"https:\/\/marqalicante-admin.qwair.com\/va\/wp-json\/wp\/v2\/posts"}],"about":[{"href":"https:\/\/marqalicante-admin.qwair.com\/va\/wp-json\/wp\/v2\/types\/post"}],"author":[{"embeddable":true,"href":"https:\/\/marqalicante-admin.qwair.com\/va\/wp-json\/wp\/v2\/users\/3"}],"replies":[{"embeddable":true,"href":"https:\/\/marqalicante-admin.qwair.com\/va\/wp-json\/wp\/v2\/comments?post=33583"}],"version-history":[{"count":0,"href":"https:\/\/marqalicante-admin.qwair.com\/va\/wp-json\/wp\/v2\/posts\/33583\/revisions"}],"wp:attachment":[{"href":"https:\/\/marqalicante-admin.qwair.com\/va\/wp-json\/wp\/v2\/media?parent=33583"}],"wp:term":[{"taxonomy":"category","embeddable":true,"href":"https:\/\/marqalicante-admin.qwair.com\/va\/wp-json\/wp\/v2\/categories?post=33583"},{"taxonomy":"post_tag","embeddable":true,"href":"https:\/\/marqalicante-admin.qwair.com\/va\/wp-json\/wp\/v2\/tags?post=33583"}],"curies":[{"name":"wp","href":"https:\/\/api.w.org\/{rel}","templated":true}]}}