{"id":33581,"date":"2013-09-13T00:00:00","date_gmt":"2013-09-13T00:00:00","guid":{"rendered":"https:\/\/marqalicante-admin.qwair.com\/2013\/09\/13\/el-marq-disena-un-programa-de-actividades-familiares-en-otono-para-atraer-mas-publico-al-museo\/"},"modified":"2013-09-13T00:00:00","modified_gmt":"2013-09-13T00:00:00","slug":"el-marq-disena-un-programa-de-actividades-familiares-en-otono-para-atraer-mas-publico-al-museo","status":"publish","type":"post","link":"https:\/\/marqalicante-admin.qwair.com\/va\/el-marq-disena-un-programa-de-actividades-familiares-en-otono-para-atraer-mas-publico-al-museo\/","title":{"rendered":"El MARQ dissenya un programa d\u00b4activitats familiars a la tardor per atraure m\u00e9s p\u00fablic al museu"},"content":{"rendered":"<p style='text-align: justify;'>El <strong>MARQ <\/strong>ha programat per a la temporada tardor-hivern diverses <strong>activitats culturals<\/strong> que inclouen entre les seves propostes nous tallers did\u00e0ctics per a nens, visites teatralitzades per a tota la fam\u00edlia o recorreguts guiats per als alumnes de les escoles de la prov\u00edncia. Mitjan\u00e7ant aquestes iniciatives, es pret\u00e9n <strong>potenciar la difusi\u00f3 del museu i apropar els jaciments<\/strong> <strong>arqueol\u00f2gics<\/strong> als ciutadans.<\/p>\n<p style='text-align: justify;'>La presidenta de la Diputaci\u00f3 dAlacant <strong>Llu\u00efsa Pastor<\/strong> presidi ahir la Comissi\u00f3 Executiva del <strong>Patronat de la Fundaci\u00f3 Comunitat Valenciana MARQ <\/strong>en qu\u00e8 es va informar, a m\u00e9s, sobre la incorporaci\u00f3 de <strong>SUMA Gesti\u00f3 Tribut\u00e0ria<\/strong> i <strong>Telef\u00f2nica d&#039;Espanya S<\/strong>.<strong>A<\/strong>.<strong>U<\/strong>. com <strong>nous patrocinadors del museu<\/strong>.<\/p>\n<p style='text-align: justify;'>Pel que fa a les propostes culturals que estan previstes a partir del proper mes d&#039;octubre es troba un programa adre\u00e7at a <strong>nens d&#039;entre 8 i 12 anys<\/strong> que engloba <strong>tallers did\u00e0ctics i visites al museu<\/strong> els <strong>dissabtes a la tarda<\/strong>. Aix\u00ed mateix, els <strong>diumenges al mat\u00ed<\/strong> es desenvolupar\u00e0 una activitat per <strong>tota la fam\u00edlia<\/strong> que combina una <strong>excursi\u00f3 al MARQ<\/strong> i una altra als <strong>jaciments arqueol\u00f2gics<\/strong> del Tossal de Manises, a la ciutat romana de Lucentum, o la Illeta dels Banyets, al Campello. La idea \u00e9s que els participants es desplacin d&#039;un enclavament a un altre fent un passeig a peu, amb bicicleta o utilitzant el TRAM.<\/p>\n<p style='text-align: justify;'>A m\u00e9s, es pret\u00e9n continuar amb el programa de <strong>visites teatralitzades <\/strong>a l&#039;exposici\u00f3 internacional <em>\u201c<\/em><em>El regne de la Sal. 7.000 anys d&#039;hist\u00f2ria de Hallstatt\u201d <\/em>els <strong>dissabtes a la tarda<\/strong> i <strong>potenciar les relacions amb els col\u00b7legis i instituts de la prov\u00edncia<\/strong>, a qui se&#039;ls traslladar\u00e0 tota la informaci\u00f3 relativa a l&#039;oferta did\u00e0ctica, tant del museu com dels parcs arqueol\u00f2gics que gestiona.<\/p>\n<p style='text-align: center;'><img alt='Previo de la imagen' src='http:\/\/marqalicante-classic-admin.qwair.com\/contenido\/noticias_iconos\/foto_300_1.jpg' \/><\/p>\n<p style='text-align: justify;'>La Fundaci\u00f3 ha acordat tamb\u00e9 que, a partir del proper mes d&#039;octubre, es <strong>modifiqueu l&#039;horari del MARQ<\/strong> per prolongar-ne l&#039;obertura els dissabtes a la tarda. D&#039;aquesta manera, el museu obrir\u00e0 les portes de dimarts a divendres de 10.00 a 19.00 hores, mentre que els dissabtes ho far\u00e0 de 10.00 hores a 20.30 hores i els diumenges i festius de 10.00 a 14.00 hores. :00 hores. Els dilluns, com fins ara, romandr\u00e0 tancat.<\/p>\n<p style='text-align: justify;'>&nbsp;<\/p>\n<p style='text-align: justify;'><a href=\"http:\/\/www.ticketea.com\/sabados-de-otono-en-el-marq\" target=\"_blank\" rel=\"noopener\"><u>Fes aqu\u00ed les reserves per als tallers dels dissabtes. ELS DISSABTES DE TARDOR AL MARQ<\/u><\/a><\/p>","protected":false},"excerpt":{"rendered":"<p>El MARQ ha programado para la temporada oto&ntilde;o-invierno diversas actividades culturales que incluyen entre sus<span class=\"excerpt-hellip\"> [\u2026]<\/span><\/p>\n","protected":false},"author":3,"featured_media":0,"comment_status":"open","ping_status":"open","sticky":false,"template":"","format":"standard","meta":{"kia_subtitle":"","footnotes":""},"categories":[],"tags":[],"class_list":["post-33581","post","type-post","status-publish","format-standard","hentry"],"meta_box":[],"_links":{"self":[{"href":"https:\/\/marqalicante-admin.qwair.com\/va\/wp-json\/wp\/v2\/posts\/33581","targetHints":{"allow":["GET"]}}],"collection":[{"href":"https:\/\/marqalicante-admin.qwair.com\/va\/wp-json\/wp\/v2\/posts"}],"about":[{"href":"https:\/\/marqalicante-admin.qwair.com\/va\/wp-json\/wp\/v2\/types\/post"}],"author":[{"embeddable":true,"href":"https:\/\/marqalicante-admin.qwair.com\/va\/wp-json\/wp\/v2\/users\/3"}],"replies":[{"embeddable":true,"href":"https:\/\/marqalicante-admin.qwair.com\/va\/wp-json\/wp\/v2\/comments?post=33581"}],"version-history":[{"count":0,"href":"https:\/\/marqalicante-admin.qwair.com\/va\/wp-json\/wp\/v2\/posts\/33581\/revisions"}],"wp:attachment":[{"href":"https:\/\/marqalicante-admin.qwair.com\/va\/wp-json\/wp\/v2\/media?parent=33581"}],"wp:term":[{"taxonomy":"category","embeddable":true,"href":"https:\/\/marqalicante-admin.qwair.com\/va\/wp-json\/wp\/v2\/categories?post=33581"},{"taxonomy":"post_tag","embeddable":true,"href":"https:\/\/marqalicante-admin.qwair.com\/va\/wp-json\/wp\/v2\/tags?post=33581"}],"curies":[{"name":"wp","href":"https:\/\/api.w.org\/{rel}","templated":true}]}}