{"id":33575,"date":"2013-07-29T00:00:00","date_gmt":"2013-07-29T00:00:00","guid":{"rendered":"https:\/\/marqalicante-admin.qwair.com\/2013\/07\/29\/el-marq-amplia-los-contenidos-del-yacimiento-del-tossal-de-manises-con-nuevos-paneles-informativos\/"},"modified":"2013-07-29T00:00:00","modified_gmt":"2013-07-29T00:00:00","slug":"el-marq-amplia-los-contenidos-del-yacimiento-del-tossal-de-manises-con-nuevos-paneles-informativos","status":"publish","type":"post","link":"https:\/\/marqalicante-admin.qwair.com\/va\/el-marq-amplia-los-contenidos-del-yacimiento-del-tossal-de-manises-con-nuevos-paneles-informativos\/","title":{"rendered":"El MARQ amplia els continguts del jaciment del Tossal de Manises amb nous panells informatius"},"content":{"rendered":"<p style='text-align: justify;'>La presidenta de la Diputaci\u00f3 dAlacant <strong>Llu\u00efsa Pastor<\/strong> ha presentat al <strong>Tossal de Manises<\/strong>, a Lucentum, <strong>els nous panells informatius<\/strong> del jaciment que han estat renovats i actualitzats amb les dades de les darreres investigacions. Aquests cartells, <strong>un total de<\/strong> <strong>27<\/strong>, incorporen com a principal novetat <strong>textos en angl\u00e8s<\/strong> -anteriorment estaven en castell\u00e0 i valenci\u00e0- <strong>i en braille<\/strong>. Aquesta darrera actuaci\u00f3, que posa de manifest l&#039;inter\u00e8s de la instituci\u00f3 provincial per l&#039;accessibilitat, permetr\u00e0 a les <strong>persones invidents con\u00e8ixer els continguts del parc arqueol\u00f2gic de forma senzilla<\/strong>.<\/p>\n<p style='text-align: center;'><img alt='' src='\/contenido\/genericas\/072913 Visita excavaciones yacimiento Lucentum 02.jpg' style='width: 600px; height: 400px;' \/><\/p>\n<p style='text-align: justify;'>A l&#039;acte hi han assistit tamb\u00e9 els diputats de Cultura iArquitectura, <strong>Juan Bautista Rosell\u00f3 i Manuel Moya<\/strong>, respectivament, la directora del Centre de Recursos Educatius de l&#039;ONCE <strong>Cristina P\u00e9rez S\u00e1nchez<\/strong>, el director de Conservaci\u00f3 del jaciment <strong>Rafael P\u00e9rez<\/strong>, el director t\u00e8cnic del MARQ <strong>Manuel Olcina<\/strong>.<\/p>\n<p style='text-align: justify;'>Els nous panells inclouen, a m\u00e9s, una s\u00e8rie de <strong>codis QR<\/strong> que ofereixen al visitant la possibilitat d&#039;ampliar la informaci\u00f3 dels mateixos. Aquesta proposta <strong>permet<\/strong>, mitjan\u00e7ant la presa d&#039;una fotografia feta amb un dispositiu m\u00f2bil dotat d&#039;una aplicaci\u00f3 determinada, <strong>enlla\u00e7ar amb la p\u00e0gina web del museu i consultar dades espec\u00edfiques de cadascun dels cartells<\/strong>. Aix\u00ed, el ciutad\u00e0 accedeix a imatges, textos, dibuixos i v\u00eddeos complementaris que estan cont\u00ednuament actualitzats.<\/p>\n<p style='text-align: justify;'>Pastor ha destacat la <u>import\u00e0ncia d&#039;aquesta iniciativa que ha incl\u00f2s, entre altres actuacions, la revisi\u00f3 i l&#039;actualitzaci\u00f3 de textos, imatges, pl\u00e0nols i dibuixos, la inclusi\u00f3 de la informaci\u00f3 en angl\u00e8s i en braille o la utilitzaci\u00f3 de codis QR perqu\u00e8 el visitant pugui ampliar m\u00e9s dades sobre el jaciment a trav\u00e9s d&#039;Internet<\/u>.<\/p>\n<p style='text-align: justify;'>Aix\u00ed mateix, s&#039;han <strong>canviat els suports<\/strong> dels cartells, s&#039;ha dut a terme la <strong>actualitzaci\u00f3 de les imatges <\/strong>-plans i dibuixos- en base a les darreres dades arqueol\u00f2giques disponibles i s&#039;han <strong>acolorit i afegit noves ambientacions<\/strong>. En un futur, el museu alacant\u00ed t\u00e9 previst, a m\u00e9s, <strong>incloure <\/strong><strong>arxius d&#039;\u00e0udio&nbsp;<\/strong>als panells per convertir-los en una mena d&#039;audioguia.<\/p>\n<p style='text-align: center;'><a href='\/contenido\/genericas\/072913 Visita excavaciones yacimiento Lucentum 01.jpg' target='_blank'><img alt='' src='\/contenido\/genericas\/072913 Visita excavaciones yacimiento Lucentum 01.jpg' style='width: 600px; height: 400px;' \/><\/a><\/p>\n<p style='text-align: justify;'>Pel que fa al projecte d&#039;accessibilitat desenvolupat, la representant de l&#039;ONCE ha destacat l&#039;important esfor\u00e7 realitzat pel MARQ en aquesta mat\u00e8ria des de la seva fundaci\u00f3 ara fa m\u00e9s de deu anys. <u>Entre les accions que hem dut a terme conjuntament, destaca l&#039;adaptaci\u00f3 d&#039;exposicions, la formaci\u00f3 del personal del museu per poder atendre les persones amb discapacitat o la creaci\u00f3 de guies dirigides, no nom\u00e9s persones invidents sin\u00f3 tamb\u00e9 aquelles que tenen una altra discapacitat<\/u>, ha puntualitzat Cristina P\u00e9rez.<\/p>\n<p style='text-align: justify;'>Durant la visita, Pastor ha pogut con\u00e8ixer tamb\u00e9 la <strong>evoluci\u00f3<\/strong> <strong>de la campanya estival d&#039;excavacions arqueol\u00f2giques<\/strong> que el MARQ realitza actualment al Tossal de Manises.&nbsp;<strong>Un total de 22 estudiants <\/strong>procedents de la Universitat d&#039;Alacant i de la UNED d&#039;Elx participen en aquest projecte que va comen\u00e7ar el passat <strong>27 de juny&nbsp;<\/strong>i que ja ha perm\u00e8s demostrar cronol\u00f2gicament que <strong>la ciutat va ser fundada durant la segona meitat del segle III aC<\/strong>, molt probablement pels cartaginesos i, en concret, per mandat d&#039;algun membre de la fam\u00edlia Barca.<\/p>\n<p style='text-align: justify;'>Els arque\u00f2legs que treballen a la zona han pogut constatar, a m\u00e9s, que <strong>les infraestructures m\u00e9s importants d&#039;aquesta ciutat<\/strong> -muralles, trama de carrers i cisternes- <strong>es van aixecar a l&#039;un\u00edson<\/strong>, el que ofereix una idea clara de planificaci\u00f3 i projecte previ. Aix\u00ed mateix, s&#039;han documentat.&nbsp;<strong>noves traces de la destrucci\u00f3 d&#039;aquesta ciutat<\/strong> que, sens dubte, es va produir als&nbsp;<strong>darrers anys de la Segona Guerra P\u00fanica<\/strong>.<\/p>\n<p style='text-align: justify;'>Probablement, es va deure a una acci\u00f3 militar romana en un moment molt proper a la conquesta de la capital cartaginesa de la Pen\u00ednsula Ib\u00e8rica: Carthago Nova, l&#039;any 209 aC, ha explicat Manuel Olcina.<\/p>\n<p style='text-align: justify;'><strong><u>Campanyes d\u00b4excavacions del MARQ<\/u><\/strong><\/p>\n<p style='text-align: justify;'>El programa d&#039;excavacions que duu a terme la Diputaci\u00f3 d&#039;Alacant a trav\u00e9s del MARQ durant el per\u00edode estival del 2013 es completa amb campanyes en altres jaciments arqueol\u00f2gics de la prov\u00edncia com <strong>la Pobla medieval d&#039;Ifac <\/strong>o&nbsp;<strong>els vessants del Castell de Callosa de Segura<\/strong>.<\/p>\n<p style='text-align: justify;'>En aquest sentit, la presidenta ha assenyalat que aquestes actuacions permeten <strong>apropar al p\u00fablic nous enclavaments i descobrir noves estructures<\/strong>, aix\u00ed com <strong>avan\u00e7ar en la investigaci\u00f3 i la posada en valor del patrimoni cultural i hist\u00f2ric de la prov\u00edncia<\/strong>.<\/p>","protected":false},"excerpt":{"rendered":"<p>La presidenta de la Diputaci&oacute;n de Alicante Luisa Pastor ha presentado en el Tossal de<span class=\"excerpt-hellip\"> [\u2026]<\/span><\/p>\n","protected":false},"author":3,"featured_media":0,"comment_status":"open","ping_status":"open","sticky":false,"template":"","format":"standard","meta":{"kia_subtitle":"","footnotes":""},"categories":[],"tags":[],"class_list":["post-33575","post","type-post","status-publish","format-standard","hentry"],"meta_box":[],"_links":{"self":[{"href":"https:\/\/marqalicante-admin.qwair.com\/va\/wp-json\/wp\/v2\/posts\/33575","targetHints":{"allow":["GET"]}}],"collection":[{"href":"https:\/\/marqalicante-admin.qwair.com\/va\/wp-json\/wp\/v2\/posts"}],"about":[{"href":"https:\/\/marqalicante-admin.qwair.com\/va\/wp-json\/wp\/v2\/types\/post"}],"author":[{"embeddable":true,"href":"https:\/\/marqalicante-admin.qwair.com\/va\/wp-json\/wp\/v2\/users\/3"}],"replies":[{"embeddable":true,"href":"https:\/\/marqalicante-admin.qwair.com\/va\/wp-json\/wp\/v2\/comments?post=33575"}],"version-history":[{"count":0,"href":"https:\/\/marqalicante-admin.qwair.com\/va\/wp-json\/wp\/v2\/posts\/33575\/revisions"}],"wp:attachment":[{"href":"https:\/\/marqalicante-admin.qwair.com\/va\/wp-json\/wp\/v2\/media?parent=33575"}],"wp:term":[{"taxonomy":"category","embeddable":true,"href":"https:\/\/marqalicante-admin.qwair.com\/va\/wp-json\/wp\/v2\/categories?post=33575"},{"taxonomy":"post_tag","embeddable":true,"href":"https:\/\/marqalicante-admin.qwair.com\/va\/wp-json\/wp\/v2\/tags?post=33575"}],"curies":[{"name":"wp","href":"https:\/\/api.w.org\/{rel}","templated":true}]}}