{"id":33569,"date":"2013-07-09T00:00:00","date_gmt":"2013-07-09T00:00:00","guid":{"rendered":"https:\/\/marqalicante-admin.qwair.com\/2013\/07\/09\/el-marq-colabora-con-monforte-del-cid-en-la-creacion-de-una-pagina-web-sobre-el-museo-de-historia-del-municipio\/"},"modified":"2013-07-09T00:00:00","modified_gmt":"2013-07-09T00:00:00","slug":"el-marq-colabora-con-monforte-del-cid-en-la-creacion-de-una-pagina-web-sobre-el-museo-de-historia-del-municipio","status":"publish","type":"post","link":"https:\/\/marqalicante-admin.qwair.com\/va\/el-marq-colabora-con-monforte-del-cid-en-la-creacion-de-una-pagina-web-sobre-el-museo-de-historia-del-municipio\/","title":{"rendered":"El MARQ col\u00b7labora amb Monforte del Cid a crear una p\u00e0gina web sobre el Museu d&#039;Hist\u00f2ria del municipi."},"content":{"rendered":"<p>El <strong>Museu d&#039;Hist\u00f2ria de la Vila de Monforte del Cid<\/strong> compta des d&#039;avui amb una <strong>p\u00e0gina web<\/strong> que ofereix als ciutadans un espai interactiu on descobrir els continguts d&#039;aquest centre cultural. Un <strong>equip compost per professionals del MARQ<\/strong> ha estat l&#039;encarregat de produir i dissenyar aquest nou <em>site <\/em>que ofereix informaci\u00f3 detallada sobre les sales, les peces o els horaris del museu.<\/p>\n<p>Mitjan\u00e7ant aquesta iniciativa, el MARQ pret\u00e9n <strong>crear una llera d&#039;expressi\u00f3 oberta on s&#039;incloguin tots els museus locals i monuments de la prov\u00edncia<\/strong>. Es tracta d&#039;una secci\u00f3 que s&#039;ubica a la pr\u00f2pia p\u00e0gina web del centre alacant\u00ed ia la qual hi poden accedir tots els internautes.<\/p>\n<p>El Museu d&#039;Hist\u00f2ria de la Vila de Monforte del Cid acull <strong>una de les col\u00b7leccions m\u00e9s importants d&#039;escultura ib\u00e8rica peninsular<\/strong>. Les seves peces, que han estat descobertes recentment, procedeixen d&#039;una vasta \u00e0rea de necr\u00f2polis situada al costat del riu Vinalop\u00f3 i al centre de la Vall Sud de la comarca del Vinalop\u00f3.<\/p>\n<p>&nbsp;Aix\u00ed mateix, el centre exhibeix un gran nombre de <strong>peces rescatades durant les excavacions de les viles romanes del seu terme<\/strong>, com la de l&#039;Agualeja i la dels Banys, i un ampli repertori compost pels <strong>aportacions dels ve\u00efns del municipi i les troballes casuals<\/strong> que s&#039;han produ\u00eft a l&#039;espai agr\u00edcola de l&#039;horta.<\/p>\n<p style='text-align: center;'><a href=\"http:\/\/marqalicante-classic-admin.qwair.com\/monforte\" target=\"_blank\" rel=\"noopener\"><img alt='' src='\/contenido\/genericas\/museo ibero monforte banner.jpg' style='width: 600px; height: 188px;' \/><\/a><\/p>\n<p style='text-align: justify;'>La p\u00e0gina <u><strong><a href=\"http:\/\/marqalicante-classic-admin.qwair.com\/monforte\" target=\"_blank\" rel=\"noopener\">marqalicante-classic-admin.qwair.com\/monforte<\/a><\/strong> <\/u>es divideix en sis seccions -Inici, El Museu, Visites, El Hall, Sala Primera i Sala Segona- que permeten a l&#039;internauta accedir de manera f\u00e0cil i senzilla a tota la <strong>informaci\u00f3 del museu<\/strong>. En aquest sentit, els tres primers m\u00f2duls recullen dades sobre la <strong>hist\u00f2ria del mateix<\/strong>, <strong>l&#039;edifici<\/strong>, <strong>localitzaci\u00f3 o horaris d&#039;obertura<\/strong>.<\/p>\n<p style='text-align: justify;'>La resta de seccions <strong>descriu de forma general les sales del centre<\/strong>, on s&#039;exhibeix la col\u00b7lecci\u00f3 permanent, per mitj\u00e0 d&#039;uns submen\u00fas el contingut dels quals concorda amb les fases evolutives i hist\u00f2riques de les cultures que es van assentar al terme municipal de Monforte del Cid: Neol\u00edtic, Edat del Bronze, Ibers i Roma. Per a cadascun s&#039;han elaborat una s\u00e8rie de <strong>fitxes on es descriuen algunes de les peces m\u00e9s rellevants del museu<\/strong>.<\/p>\n<p style='text-align: center;'><img alt='' src='\/contenido\/genericas\/museo ibero monforte sala.jpg' style='width: 329px; height: 246px;' \/><\/p>\n<p style='text-align: justify;'>El MARQ <strong>col\u00b7labora <\/strong>des de fa anys amb l&#039;ajuntament d&#039;aquesta localitat a <strong>mat\u00e8ria arqueol\u00f2gica i patrimonial<\/strong>. Aix\u00ed mateix, des de 2008 treballa al costat del consistori a la <strong>elaboraci\u00f3 de l&#039;avantprojecte museogr\u00e0fic<\/strong> i, m\u00e9s recentment, al <strong>desenvolupament del Museu d&#039;Hist\u00f2ria de la Vila de Monforte del Cid<\/strong>, que va ser inaugurat el mar\u00e7 del 2011. Fruit d&#039;aquesta assist\u00e8ncia i dedicaci\u00f3, neix ara la creaci\u00f3 d&#039;aquesta nova p\u00e0gina web.<\/p>","protected":false},"excerpt":{"rendered":"<p>El Museo de Historia de la Villa de Monforte del Cid cuenta desde hoy con<span class=\"excerpt-hellip\"> [\u2026]<\/span><\/p>\n","protected":false},"author":3,"featured_media":0,"comment_status":"open","ping_status":"open","sticky":false,"template":"","format":"standard","meta":{"kia_subtitle":"","footnotes":""},"categories":[],"tags":[],"class_list":["post-33569","post","type-post","status-publish","format-standard","hentry"],"meta_box":[],"_links":{"self":[{"href":"https:\/\/marqalicante-admin.qwair.com\/va\/wp-json\/wp\/v2\/posts\/33569","targetHints":{"allow":["GET"]}}],"collection":[{"href":"https:\/\/marqalicante-admin.qwair.com\/va\/wp-json\/wp\/v2\/posts"}],"about":[{"href":"https:\/\/marqalicante-admin.qwair.com\/va\/wp-json\/wp\/v2\/types\/post"}],"author":[{"embeddable":true,"href":"https:\/\/marqalicante-admin.qwair.com\/va\/wp-json\/wp\/v2\/users\/3"}],"replies":[{"embeddable":true,"href":"https:\/\/marqalicante-admin.qwair.com\/va\/wp-json\/wp\/v2\/comments?post=33569"}],"version-history":[{"count":0,"href":"https:\/\/marqalicante-admin.qwair.com\/va\/wp-json\/wp\/v2\/posts\/33569\/revisions"}],"wp:attachment":[{"href":"https:\/\/marqalicante-admin.qwair.com\/va\/wp-json\/wp\/v2\/media?parent=33569"}],"wp:term":[{"taxonomy":"category","embeddable":true,"href":"https:\/\/marqalicante-admin.qwair.com\/va\/wp-json\/wp\/v2\/categories?post=33569"},{"taxonomy":"post_tag","embeddable":true,"href":"https:\/\/marqalicante-admin.qwair.com\/va\/wp-json\/wp\/v2\/tags?post=33569"}],"curies":[{"name":"wp","href":"https:\/\/api.w.org\/{rel}","templated":true}]}}