{"id":33567,"date":"2013-07-05T00:00:00","date_gmt":"2013-07-05T00:00:00","guid":{"rendered":"https:\/\/marqalicante-admin.qwair.com\/2013\/07\/05\/viii-coloquio-del-centro-de-estudios-fenicios-y-punicos-avance\/"},"modified":"2013-07-05T00:00:00","modified_gmt":"2013-07-05T00:00:00","slug":"viii-coloquio-del-centro-de-estudios-fenicios-y-punicos-avance","status":"publish","type":"post","link":"https:\/\/marqalicante-admin.qwair.com\/va\/viii-coloquio-del-centro-de-estudios-fenicios-y-punicos-avance\/","title":{"rendered":"VIII Col\u00b7loqui del Centre d&#039;Estudis Fenicis i P\u00fanics. Avan\u00e7"},"content":{"rendered":"<p style='margin: 0px 0px 20px; padding: 0px; border: 0px; font-family: TrebuchetMSRegular, Verdana, Geneva, sans-serif; font-size: 15px; line-height: 23px; vertical-align: baseline; color: rgb(149, 140, 136); background-color: rgb(255, 255, 255); text-align: justify;'>El MARQ-Museu Arqueol\u00f2gic d&#039;Alacant i el MAG-Museu Arqueol\u00f2gic de Guardamar del Segura (Alacant), acolliran els dies 7, 8 i 9 de novembre de 2013&nbsp;<strong style='margin: 0px; padding: 0px; border: 0px; font-family: inherit; font-size: inherit; font-style: inherit; font-variant: inherit; line-height: inherit; vertical-align: baseline;'>VIII Col\u00b7loqui del Centre d&#039;Estudis Fenicis i P\u00fanics<\/strong>:&nbsp;<em style='margin: 0px; padding: 0px; border: 0px; font-family: inherit; font-size: inherit; font-variant: inherit; line-height: inherit; vertical-align: baseline;'>L&#039;Orient d&#039;occident. Fenicis i p\u00fanics a l&#039;\u00e0rea ib\u00e8rica.<\/em><\/p>\n<p style='margin: 0px 0px 20px; padding: 0px; border: 0px; font-family: TrebuchetMSRegular, Verdana, Geneva, sans-serif; font-size: 15px; line-height: 23px; vertical-align: baseline; color: rgb(149, 140, 136); background-color: rgb(255, 255, 255); text-align: center;'><img alt='' src='\/contenido\/genericas\/coloquio fenicios.jpg' style='width: 500px; height: 347px;' \/><\/p>\n<p style='margin: 0px 0px 20px; padding: 0px; border: 0px; font-family: TrebuchetMSRegular, Verdana, Geneva, sans-serif; font-size: 15px; line-height: 23px; vertical-align: baseline; color: rgb(149, 140, 136); background-color: rgb(255, 255, 255); text-align: justify;'>Les jornades abordaran la pres\u00e8ncia del m\u00f3n fenici-p\u00fanic a les costes mediterr\u00e0nies peninsulars (actuals prov\u00edncies de Val\u00e8ncia, Alacant, M\u00farcia i Almeria), valorant la contribuci\u00f3 de les abundants novetats cient\u00edfiques de la darrera d\u00e8cada.<\/p>\n<p style='margin: 0px 0px 20px; padding: 0px; border: 0px; font-family: TrebuchetMSRegular, Verdana, Geneva, sans-serif; font-size: 15px; line-height: 23px; vertical-align: baseline; color: rgb(149, 140, 136); background-color: rgb(255, 255, 255); text-align: justify;'>Al costat de les sessions programades, s&#039;ha previst una sessi\u00f3 lliure oberta a la presentaci\u00f3 de p\u00f2sters.<\/p>\n<p style='margin: 0px 0px 20px; padding: 0px; border: 0px; font-family: TrebuchetMSRegular, Verdana, Geneva, sans-serif; font-size: 15px; line-height: 23px; vertical-align: baseline; color: rgb(149, 140, 136); background-color: rgb(255, 255, 255); text-align: justify;'>Informaci\u00f3 i contacte:<\/p>\n<p style='margin: 0px 0px 20px; padding: 0px; border: 0px; font-family: TrebuchetMSRegular, Verdana, Geneva, sans-serif; font-size: 15px; line-height: 23px; vertical-align: baseline; color: rgb(149, 140, 136); background-color: rgb(255, 255, 255); text-align: justify;'><a href=\"https:\/\/www.box.com\/s\/u8a0glkln2dif89gf15l\" rel=\"nofollow noopener\" style=\"margin: 0px; padding: 0px; border: 0px; font-family: inherit; font-size: inherit; font-style: inherit; font-variant: inherit; line-height: inherit; vertical-align: baseline; color: rgb(0, 0, 238); text-decoration: none;\" target=\"_blank\">https:\/\/www.box.com\/s\/u8a0glkln2dif89gf15l<\/a><\/p>\n<p style='margin: 0px 0px 20px; padding: 0px; border: 0px; font-family: TrebuchetMSRegular, Verdana, Geneva, sans-serif; font-size: 15px; line-height: 23px; vertical-align: baseline; color: rgb(149, 140, 136); background-color: rgb(255, 255, 255); text-align: justify;'><a href=\"http:\/\/www.cefyp.es\/\" rel=\"nofollow noopener\" style=\"margin: 0px; padding: 0px; border: 0px; font-family: inherit; font-size: inherit; font-style: inherit; font-variant: inherit; line-height: inherit; vertical-align: baseline; color: rgb(0, 0, 238); text-decoration: none;\" target=\"_blank\">http:\/\/www.cefyp.es\/<\/a><\/p>\n<p style='margin: 0px 0px 20px; padding: 0px; border: 0px; font-family: TrebuchetMSRegular, Verdana, Geneva, sans-serif; font-size: 15px; line-height: 23px; vertical-align: baseline; color: rgb(149, 140, 136); background-color: rgb(255, 255, 255); text-align: justify;'>&nbsp;<\/p>\n<p style='margin: 0px 0px 20px; padding: 0px; border: 0px; font-family: TrebuchetMSRegular, Verdana, Geneva, sans-serif; font-size: 15px; line-height: 23px; vertical-align: baseline; color: rgb(149, 140, 136); background-color: rgb(255, 255, 255); text-align: justify;'><a href=\"http:\/\/tumarq.marqalicante.com\/blog.php?usr=52\" target=\"_blank\" rel=\"noopener\">Segueix tota l&#039;actualitat dels congressos i jornades del MARQ a <\/a><a href=\"http:\/\/tumarq.marqalicante.com\/blog.php?usr=52\" target=\"_blank\" rel=\"noopener\"><u><strong>el teu<\/strong>marq<\/u><\/a><\/p>","protected":false},"excerpt":{"rendered":"<p>El MARQ-Museo Arqueol&oacute;gico de Alicante y el MAG-Museo Arqueol&oacute;gico de Guardamar del Segura (Alicante), acoger&aacute;n<span class=\"excerpt-hellip\"> [\u2026]<\/span><\/p>\n","protected":false},"author":3,"featured_media":0,"comment_status":"open","ping_status":"open","sticky":false,"template":"","format":"standard","meta":{"kia_subtitle":"","footnotes":""},"categories":[],"tags":[],"class_list":["post-33567","post","type-post","status-publish","format-standard","hentry"],"meta_box":[],"_links":{"self":[{"href":"https:\/\/marqalicante-admin.qwair.com\/va\/wp-json\/wp\/v2\/posts\/33567","targetHints":{"allow":["GET"]}}],"collection":[{"href":"https:\/\/marqalicante-admin.qwair.com\/va\/wp-json\/wp\/v2\/posts"}],"about":[{"href":"https:\/\/marqalicante-admin.qwair.com\/va\/wp-json\/wp\/v2\/types\/post"}],"author":[{"embeddable":true,"href":"https:\/\/marqalicante-admin.qwair.com\/va\/wp-json\/wp\/v2\/users\/3"}],"replies":[{"embeddable":true,"href":"https:\/\/marqalicante-admin.qwair.com\/va\/wp-json\/wp\/v2\/comments?post=33567"}],"version-history":[{"count":0,"href":"https:\/\/marqalicante-admin.qwair.com\/va\/wp-json\/wp\/v2\/posts\/33567\/revisions"}],"wp:attachment":[{"href":"https:\/\/marqalicante-admin.qwair.com\/va\/wp-json\/wp\/v2\/media?parent=33567"}],"wp:term":[{"taxonomy":"category","embeddable":true,"href":"https:\/\/marqalicante-admin.qwair.com\/va\/wp-json\/wp\/v2\/categories?post=33567"},{"taxonomy":"post_tag","embeddable":true,"href":"https:\/\/marqalicante-admin.qwair.com\/va\/wp-json\/wp\/v2\/tags?post=33567"}],"curies":[{"name":"wp","href":"https:\/\/api.w.org\/{rel}","templated":true}]}}