{"id":33559,"date":"2013-06-14T00:00:00","date_gmt":"2013-06-14T00:00:00","guid":{"rendered":"https:\/\/marqalicante-admin.qwair.com\/2013\/06\/14\/el-marq-continua-este-verano-con-la-campana-de-excavaciones-en-el-yacimiento-de-laderas-del-castillo\/"},"modified":"2013-06-14T00:00:00","modified_gmt":"2013-06-14T00:00:00","slug":"el-marq-continua-este-verano-con-la-campana-de-excavaciones-en-el-yacimiento-de-laderas-del-castillo","status":"publish","type":"post","link":"https:\/\/marqalicante-admin.qwair.com\/va\/el-marq-continua-este-verano-con-la-campana-de-excavaciones-en-el-yacimiento-de-laderas-del-castillo\/","title":{"rendered":"El MARQ continua aquest estiu amb la campanya d&#039;excavacions al jaciment de Laderas del Castillo"},"content":{"rendered":"<p style='text-align: justify;'>&nbsp;&nbsp;&nbsp;&nbsp;&nbsp;&nbsp;&nbsp;&nbsp;&nbsp;&nbsp; El <strong>MARQ <\/strong>es troba immers en els treballs d&#039;excavaci\u00f3 arqueol\u00f2gica del <strong>jaciment de Vessants del Castell<\/strong>, a <strong>Callosa de Segura<\/strong>. A trav\u00e9s d&#039;aquest programa, que es prolongar\u00e0 fins al proper mes de juliol, el museu alacant\u00ed pret\u00e9n <strong>treure a la llum part de les ru\u00efnes conservades sota el sediment que cobreix el costerut vessant<\/strong> on es va construir el poblat.<\/p>\n<p style='text-align: justify;'>&nbsp;&nbsp;&nbsp;&nbsp;&nbsp;&nbsp;&nbsp;&nbsp; <strong>M\u00e9s d&#039;una vintena de llicenciats i estudiants <\/strong>universitaris col\u00b7laboren volunt\u00e0riament en aquests treballs, dirigits pels arque\u00f2legs <strong>Juan Antonio L\u00f3pez <\/strong>i <strong>Francisco Javier Jover<\/strong>. Entre les tasques que s&#039;estan duent a terme destaca l&#039;obertura d&#039;una nova \u00e0rea per a la seva excavaci\u00f3, aix\u00ed com la realitzaci\u00f3 de tasques de desenrunament i neteja a l&#039;enclavament amb l&#039;objectiu de descobrir les estructures mur\u00e0ries que afloren en aquesta zona.<\/p>\n<p style='text-align: justify;'>&nbsp;&nbsp;&nbsp;&nbsp;&nbsp;&nbsp;&nbsp;&nbsp;&nbsp;&nbsp; Aquesta campanya arqueol\u00f2gica s&#039;emmarca dins del <strong>conveni de col\u00b7laboraci\u00f3 subscrit entre la Diputaci\u00f3 d&#039;Alacant i l&#039;Ajuntament de Callosa de Segura<\/strong> amb l&#039;objectiu d&#039;avan\u00e7ar en el coneixement de les antigues civilitzacions que van poblar l&#039;enclavament. Aix\u00ed mateix, els treballs suposen una <strong>continu\u00eftat a les prospeccions i estudis preliminars que es van realitzar el passat any<\/strong> en aquesta zona prehist\u00f2rica de la prov\u00edncia.<\/p>\n<p style='text-align: center;'><strong><u>Vessants del Castell<\/u><\/strong><\/p>\n<p style='text-align: justify;'>&nbsp;&nbsp;&nbsp;&nbsp;&nbsp;&nbsp;&nbsp;&nbsp;&nbsp;&nbsp;&nbsp;Conegut des d&#039;inicis del segle passat, se sabia de l&#039;exist\u00e8ncia al lloc d&#039;importants restes de l&#039;Edat del Bronze pertanyents a un poblat extens -de gaireb\u00e9 dues hect\u00e0rees d&#039;extensi\u00f3- de l&#039;anomenada <em>\u201cCultura de l&#039;Argar\u201d, <\/em>que fa aproximadament 4.000 anys s&#039;assentava sobre les faldes de la Serra de Callosa. Per les seves dimensions i import\u00e0ncia, aquest poblat va haver de constituir a la seva \u00e8poca <strong>un dels nuclis de poblaci\u00f3 m\u00e9s important de la Conca del Segura<\/strong>.<\/p>\n<p style='text-align: justify;'>&nbsp;&nbsp;&nbsp;&nbsp;&nbsp;&nbsp;&nbsp;&nbsp;&nbsp;&nbsp;&nbsp;&nbsp;<img alt='' src='\/contenido\/genericas\/086.jpg' style='width: 600px; height: 400px;' \/><\/p>\n<p style='text-align: justify;'>&nbsp;&nbsp;&nbsp;&nbsp;&nbsp;&nbsp;&nbsp;&nbsp;&nbsp;&nbsp;&nbsp; Els museus arqueol\u00f2gics d&#039;Alacant i Catalunya conserven actualment nombrosos <strong>objectes de<\/strong> <strong>bronze<\/strong>, <strong>recipients cer\u00e0mics<\/strong>, <strong>instruments<\/strong> <strong>i adorns d&#039;os<\/strong>, <strong>ivori i nacre<\/strong>, aix\u00ed com diferents <strong>molins<\/strong>, <strong>martells<\/strong> i <strong>altres eines de pedra<\/strong> procedents de les excavacions realitzades a principis del segle XX a la zona. A ells se suma, a m\u00e9s, la col\u00b7lecci\u00f3 que cust\u00f2dia el Museu Arqueol\u00f2gic Municipal de Callosa de Segura que, recentment es traslladar\u00e0 a unes noves depend\u00e8ncies.<\/p>","protected":false},"excerpt":{"rendered":"<p>&nbsp;&nbsp;&nbsp;&nbsp;&nbsp;&nbsp;&nbsp;&nbsp;&nbsp;&nbsp; El MARQ se encuentra inmerso en los trabajos de excavaci&oacute;n arqueol&oacute;gica del yacimiento de<span class=\"excerpt-hellip\"> [\u2026]<\/span><\/p>\n","protected":false},"author":3,"featured_media":0,"comment_status":"open","ping_status":"open","sticky":false,"template":"","format":"standard","meta":{"kia_subtitle":"","footnotes":""},"categories":[],"tags":[],"class_list":["post-33559","post","type-post","status-publish","format-standard","hentry"],"meta_box":[],"_links":{"self":[{"href":"https:\/\/marqalicante-admin.qwair.com\/va\/wp-json\/wp\/v2\/posts\/33559","targetHints":{"allow":["GET"]}}],"collection":[{"href":"https:\/\/marqalicante-admin.qwair.com\/va\/wp-json\/wp\/v2\/posts"}],"about":[{"href":"https:\/\/marqalicante-admin.qwair.com\/va\/wp-json\/wp\/v2\/types\/post"}],"author":[{"embeddable":true,"href":"https:\/\/marqalicante-admin.qwair.com\/va\/wp-json\/wp\/v2\/users\/3"}],"replies":[{"embeddable":true,"href":"https:\/\/marqalicante-admin.qwair.com\/va\/wp-json\/wp\/v2\/comments?post=33559"}],"version-history":[{"count":0,"href":"https:\/\/marqalicante-admin.qwair.com\/va\/wp-json\/wp\/v2\/posts\/33559\/revisions"}],"wp:attachment":[{"href":"https:\/\/marqalicante-admin.qwair.com\/va\/wp-json\/wp\/v2\/media?parent=33559"}],"wp:term":[{"taxonomy":"category","embeddable":true,"href":"https:\/\/marqalicante-admin.qwair.com\/va\/wp-json\/wp\/v2\/categories?post=33559"},{"taxonomy":"post_tag","embeddable":true,"href":"https:\/\/marqalicante-admin.qwair.com\/va\/wp-json\/wp\/v2\/tags?post=33559"}],"curies":[{"name":"wp","href":"https:\/\/api.w.org\/{rel}","templated":true}]}}