{"id":33558,"date":"2013-06-12T00:00:00","date_gmt":"2013-06-12T00:00:00","guid":{"rendered":"https:\/\/marqalicante-admin.qwair.com\/2013\/06\/12\/ciclo-de-conferencias-en-el-marq-2\/"},"modified":"2013-06-12T00:00:00","modified_gmt":"2013-06-12T00:00:00","slug":"ciclo-de-conferencias-en-el-marq-2","status":"publish","type":"post","link":"https:\/\/marqalicante-admin.qwair.com\/va\/ciclo-de-conferencias-en-el-marq-2\/","title":{"rendered":"cicle de confer\u00e8ncies al MARQ"},"content":{"rendered":"<p style='text-align: justify;'><img alt='' src='\/contenido\/genericas\/elisa(1).jpg' style='width: 500px; height: 708px;' \/><\/p>\n<p style='text-align: justify;'>&nbsp;<\/p>\n<p style='text-align: justify;'>Hallstatt \u00e9s un dels enclavaments m\u00e9s importants de la Prehist\u00f2ria europea, una vegada que amb el seu nom s&#039;identifica la primera Edat del Ferro a les terres centrals del continent, des de l&#039;Atl\u00e0ntic al Danubi Les troballes arqueol\u00f2giques es remunten al S. XIX quan es van descobrir prop d&#039;un miler de tombes als voltants de la boca d&#039;una mina de sal, l&#039;explotaci\u00f3 de la qual ara sabem va ser la causa de la florida de tot un empori econ\u00f2mic durant l&#039;Edat del Bronze i l&#039;Edat del Ferro.<\/p>\n<p style='text-align: justify;'>Des de fa diverses d\u00e8cades les excavacions a la mina i el cementiri han estat realitzades pel Museu d&#039;Hist\u00f2ria Natural de Viena, una instituci\u00f3 d&#039;enorme \u201cprestigi cient\u00edfic que actualment, escomet a Hallstatt un programa de recerca multidisciplinar\u201d.<\/p>\n<p style='text-align: justify;'>Les troballes a la mina aporten una ingent informaci\u00f3 sobre les condicions i el m\u00e8tode de treball dels miners que la van explotar durant l&#039;Edat del Bronze i l&#039;Edat del Ferro. Noves excavacions al m\u00edtic cementiri permeten corroborar les dades dels impactants descobriments del S. XIX.&nbsp;&nbsp;<\/p>","protected":false},"excerpt":{"rendered":"<p>&nbsp; Hallstatt es uno de los enclaves m&aacute;s importantes de la Prehistoria europea, una vez<span class=\"excerpt-hellip\"> [\u2026]<\/span><\/p>\n","protected":false},"author":3,"featured_media":0,"comment_status":"open","ping_status":"open","sticky":false,"template":"","format":"standard","meta":{"kia_subtitle":"","footnotes":""},"categories":[],"tags":[],"class_list":["post-33558","post","type-post","status-publish","format-standard","hentry"],"meta_box":[],"_links":{"self":[{"href":"https:\/\/marqalicante-admin.qwair.com\/va\/wp-json\/wp\/v2\/posts\/33558","targetHints":{"allow":["GET"]}}],"collection":[{"href":"https:\/\/marqalicante-admin.qwair.com\/va\/wp-json\/wp\/v2\/posts"}],"about":[{"href":"https:\/\/marqalicante-admin.qwair.com\/va\/wp-json\/wp\/v2\/types\/post"}],"author":[{"embeddable":true,"href":"https:\/\/marqalicante-admin.qwair.com\/va\/wp-json\/wp\/v2\/users\/3"}],"replies":[{"embeddable":true,"href":"https:\/\/marqalicante-admin.qwair.com\/va\/wp-json\/wp\/v2\/comments?post=33558"}],"version-history":[{"count":0,"href":"https:\/\/marqalicante-admin.qwair.com\/va\/wp-json\/wp\/v2\/posts\/33558\/revisions"}],"wp:attachment":[{"href":"https:\/\/marqalicante-admin.qwair.com\/va\/wp-json\/wp\/v2\/media?parent=33558"}],"wp:term":[{"taxonomy":"category","embeddable":true,"href":"https:\/\/marqalicante-admin.qwair.com\/va\/wp-json\/wp\/v2\/categories?post=33558"},{"taxonomy":"post_tag","embeddable":true,"href":"https:\/\/marqalicante-admin.qwair.com\/va\/wp-json\/wp\/v2\/tags?post=33558"}],"curies":[{"name":"wp","href":"https:\/\/api.w.org\/{rel}","templated":true}]}}