{"id":33546,"date":"2013-05-09T00:00:00","date_gmt":"2013-05-09T00:00:00","guid":{"rendered":"https:\/\/marqalicante-admin.qwair.com\/2013\/05\/09\/el-marq-ofrecera-descuentos-del-50-en-sus-entradas-a-las-familias-que-integran-la-fapa-gabriel-miro\/"},"modified":"2013-05-09T00:00:00","modified_gmt":"2013-05-09T00:00:00","slug":"el-marq-ofrecera-descuentos-del-50-en-sus-entradas-a-las-familias-que-integran-la-fapa-gabriel-miro","status":"publish","type":"post","link":"https:\/\/marqalicante-admin.qwair.com\/va\/el-marq-ofrecera-descuentos-del-50-en-sus-entradas-a-las-familias-que-integran-la-fapa-gabriel-miro\/","title":{"rendered":"El MARQ oferir\u00e0 descomptes del 50% a les seves entrades a les fam\u00edlies que integren la FAPA \u00abGabriel Mir\u00f3\u00bb"},"content":{"rendered":"<p style='text-align: justify;'>La <strong>Fundaci\u00f3 de la Comunitat Valenciana MARQ<\/strong> i la <strong>Federaci\u00f3 Provincial d&#039;Associacions de Pares d&#039;Alumnes d&#039;Alacant <\/strong>\u201c<strong>Gabriel Mir\u00f3<\/strong>\u201d han signat un conveni de col\u00b7laboraci\u00f3 per a la realitzaci\u00f3 conjunta de <strong>activitats culturals destinades a la comunitat escolar<\/strong>.<\/p>\n<p style='text-align: center;'><img alt='' src='\/contenido\/genericas\/050813 Firma convenio FAPA (3).jpg' style='width: 500px; height: 250px;' \/><\/p>\n<p style='text-align: justify;'>La presidenta de la Diputaci\u00f3 dAlacant i de la Fundaci\u00f3 <strong>Llu\u00efsa Pastor<\/strong> i el president de la FAPA <strong>Ramon L\u00f3pez<\/strong> aquest mat\u00ed han subscrit aquest acord que contempla, entre altres aspectes, l&#039;emissi\u00f3 d&#039;un <strong>carnet que ofereixi a les fam\u00edlies un descompte del 50% sobre el preu de l&#039;entrada ordin\u00e0ria<\/strong> al museu, aix\u00ed com als jaciments del Tossal de Manises a Alacant, la Illeta dels Banyets al Campello, el Pla de Petracos al Castell de Castells i la Torre Almohade d&#039;Almudaina.<\/p>\n<p style='text-align: justify;'>Aquest carnet, que ser\u00e0 expedit i distribu\u00eft per la federaci\u00f3, inclou tamb\u00e9 la <strong>entrada gratu\u00efta de l&#039;adult<\/strong> quan aquest vagi acompanyat per un grup de quinze nens.<\/p>\n<p style='text-align: justify;'>Pastor ha assenyalat que <u>des de la Diputaci\u00f3 d&#039;Alacant i dins de la seva campanya de difusi\u00f3 del MARQ, hem signat aquest conveni per tal que tant els alumnes de les associacions integrades a la FAPA com les seves fam\u00edlies puguin accedir al museu arqueol\u00f2gic refer\u00e8ncia de la prov\u00edncia a preus m\u00e9s econ\u00f2mics<\/u>.<\/p>\n<p style='text-align: justify;'>A m\u00e9s, el conveni signat aquest mat\u00ed permetr\u00e0 als membres de l&#039;organitzaci\u00f3 el <strong>\u00fas dels<\/strong> <strong>espais del MARQ per a la realitzaci\u00f3 de reunions<\/strong>,<strong>jornades o cursos <\/strong>i la possibilitat de <strong>incloure la visita al museu o als seus parcs arqueol\u00f2gics dins dels programes de conciliaci\u00f3 de la vida familiar i laboral<\/strong> que organitza la FAPA \u201cGabriel Mir\u00f3\u201d.<\/p>\n<p style='text-align: justify;'>Ramon L\u00f3pez ha manifestat que <u>es tracta d\u00b4una bona iniciativa que permetr\u00e0 apropar l\u00b4arqueologia alacantina i les exposicions que acull el MARQ i els seus jaciments al m\u00f3n educatiu ia tots els alumnes de la prov\u00edncia, especialment als m\u00e9s petits<\/u>.<\/p>\n<p style='text-align: justify;'>Aix\u00ed mateix, des del Gabinet de Did\u00e0ctica del MARQ est\u00e0 previst desenvolupar diferents <strong>activitats culturals orientades als membres de les associacions integrades a la FAPA<\/strong> -pares i alumnes- <strong>amb l&#039;objectiu d&#039;afavorir les relacions familiars<\/strong>. &nbsp;<\/p>","protected":false},"excerpt":{"rendered":"<p>La Fundaci&oacute;n de la Comunidad Valenciana MARQ y la Federaci&oacute;n Provincial de Asociaciones de Padres<span class=\"excerpt-hellip\"> [\u2026]<\/span><\/p>\n","protected":false},"author":3,"featured_media":0,"comment_status":"open","ping_status":"open","sticky":false,"template":"","format":"standard","meta":{"kia_subtitle":"","footnotes":""},"categories":[],"tags":[],"class_list":["post-33546","post","type-post","status-publish","format-standard","hentry"],"meta_box":[],"_links":{"self":[{"href":"https:\/\/marqalicante-admin.qwair.com\/va\/wp-json\/wp\/v2\/posts\/33546","targetHints":{"allow":["GET"]}}],"collection":[{"href":"https:\/\/marqalicante-admin.qwair.com\/va\/wp-json\/wp\/v2\/posts"}],"about":[{"href":"https:\/\/marqalicante-admin.qwair.com\/va\/wp-json\/wp\/v2\/types\/post"}],"author":[{"embeddable":true,"href":"https:\/\/marqalicante-admin.qwair.com\/va\/wp-json\/wp\/v2\/users\/3"}],"replies":[{"embeddable":true,"href":"https:\/\/marqalicante-admin.qwair.com\/va\/wp-json\/wp\/v2\/comments?post=33546"}],"version-history":[{"count":0,"href":"https:\/\/marqalicante-admin.qwair.com\/va\/wp-json\/wp\/v2\/posts\/33546\/revisions"}],"wp:attachment":[{"href":"https:\/\/marqalicante-admin.qwair.com\/va\/wp-json\/wp\/v2\/media?parent=33546"}],"wp:term":[{"taxonomy":"category","embeddable":true,"href":"https:\/\/marqalicante-admin.qwair.com\/va\/wp-json\/wp\/v2\/categories?post=33546"},{"taxonomy":"post_tag","embeddable":true,"href":"https:\/\/marqalicante-admin.qwair.com\/va\/wp-json\/wp\/v2\/tags?post=33546"}],"curies":[{"name":"wp","href":"https:\/\/api.w.org\/{rel}","templated":true}]}}