{"id":33541,"date":"2013-04-18T00:00:00","date_gmt":"2013-04-18T00:00:00","guid":{"rendered":"https:\/\/marqalicante-admin.qwair.com\/2013\/04\/18\/dia-internacional-de-los-monumentos-y-sitios\/"},"modified":"2013-04-18T00:00:00","modified_gmt":"2013-04-18T00:00:00","slug":"dia-internacional-de-los-monumentos-y-sitios","status":"publish","type":"post","link":"https:\/\/marqalicante-admin.qwair.com\/va\/dia-internacional-de-los-monumentos-y-sitios\/","title":{"rendered":"Dia Internacional dels Monuments i Llocs"},"content":{"rendered":"<p style='text-align: justify;'>Avui celebrem el &#039;<strong>Dia Internacional dels Monuments i Llocs<\/strong>&#039; amb un <strong>complet programa d&#039;activitats <\/strong>l\u00fadiques i did\u00e0ctiques que es perllongar\u00e0 durant tot el cap de setmana. Visites guiades, jocs o tallers s\u00f3n algunes d&#039;aquestes propostes culturals, que es duran a terme tamb\u00e9 als jaciments arqueol\u00f2gics del <strong>Tossal de Manises<\/strong> -a Lucentum-, <strong>la Illeta del Banyets<\/strong> -al Campello-, <strong>el Pla de Petracos<\/strong> -a Castell de Castells- o <strong>la Torre almohade d&#039;Almudaina<\/strong>.<\/p>\n<p style='text-align: center;'><img alt='' src='\/contenido\/genericas\/marq y yacimientos(2).jpg' style='width: 500px; height: 379px;' \/><\/p>\n<p style='text-align: justify;'>Aquestes iniciatives, destinades principalment als m\u00e9s joves, tenen com a objectiu <strong>difondre el ric patrimoni arqueol\u00f2gic i cultural de la prov\u00edncia<\/strong>, aix\u00ed com <strong>despertar la seva curiositat per descobrir la hist\u00f2ria dels seus avantpassats<\/strong>.<\/p>\n<p style='text-align: justify;'>D&#039;aquesta manera, els alumnes del <strong>CEIP L&#039;Albufereta d&#039;Alacant<\/strong> podran con\u00e8ixer avui dijous al Tossal de Manises com era la vida en una ciutat romana del segle I dC, mentre participen en una <strong><em>gimcana<\/em><\/strong><em>.<\/em> Per la seva banda, els escolars del <strong>CP Rafael Altamira<\/strong> es despla\u00e7aran a la Illeta del Banyets per realitzar un <strong>recorregut guiat<\/strong> pel jaciment i visitar una exposici\u00f3 sobre el litoral alacant\u00ed.<\/p>\n<p style='text-align: justify;'>La programaci\u00f3 contempla tamb\u00e9 un <strong>taller de pintura<\/strong> a Castell de Castells relacionat amb les rutes d&#039;art rupestre del Pla de Petracos en qu\u00e8 participaran alumnes dels <strong>col\u00b7legis Serrella i Penya Blanca<\/strong>, aix\u00ed com una <strong>visita guiada<\/strong> a la Torre almohade d&#039;Almudaina i una <strong>excursi\u00f3<\/strong> <strong>a peu<\/strong> des d&#039;aquest enclavament fins a l&#039;ermita del Crist del Socors.<\/p>\n<p style='text-align: justify;'>A m\u00e9s, hem organitzat per al cap de setmana, una s\u00e8rie de <a href=\"http:\/\/www.ticketea.com\/visita-teatralizada-exposicion-santa-pola-arqueologia-y-museo\" target=\"_blank\" rel=\"noopener\"><u><strong>visites teatralitzades <\/strong><\/u><\/a>a l&#039;exposici\u00f3 temporal<em>\u201c<strong>Santa Pola<\/strong>.<strong>Arqueologia i Museu<\/strong>\u201d<\/em> i una <strong>ruta<\/strong> <strong>a TRAM des del centre alacant\u00ed fins al jaciment de la Illeta dels Banyets<\/strong>,<strong>passant pel Tossal de Manises<\/strong>. Aquesta \u00faltima activitat, que tindr\u00e0 lloc el <strong>proper diumenge 21 d&#039;abril a partir de les 9.45 hores<\/strong>, inclou tamb\u00e9 un recorregut per les sales del museu dedicades tant al m\u00f3n \u00cdber com a Roma, aix\u00ed com pels dos parcs arqueol\u00f2gics. Els que esteu interessats a participar amb nosaltres en aquestes activitats, ja us podeu inscriure.<\/p>\n<p style='text-align: justify;'>Tamb\u00e9 us recordem que avui, <u>a partir de les 18.00 hores <\/u>tindrem una visita guiada a l&#039;exposici\u00f3 temporal <em>\u201c<strong>Art i Mort al Montg\u00f3<\/strong>\u201d, <\/em>on els participants podran con\u00e8ixer les caracter\u00edstiques, el proc\u00e9s d&#039;excavaci\u00f3 i les restes trobades a la Cova del Barranc del Migdia de X\u00e0bia.<\/p>\n<p style='text-align: justify;'>Despr\u00e9s, el professor titular de Prehist\u00f2ria de la Universitat de M\u00farcia <strong>Joaqu\u00edn Lomba Maurandi<\/strong> oferir\u00e0 la <strong>confer\u00e8ncia<\/strong> <em>\u201c<strong>M\u00f3n funerari al sud d&#039;Alacant<\/strong>\u201d. <\/em>Durant la seva intervenci\u00f3 Lomba analitzar\u00e0 la hist\u00f2ria de la investigaci\u00f3 del registre funerari i les darreres novetats en els soterraments calcol\u00edfics murcians, entre altres aspectes.<\/p>","protected":false},"excerpt":{"rendered":"<p>Hoy celebramos el &lsquo;D&iacute;a Internacional de los Monumentos y Sitios&rsquo; con un completo programa de<span class=\"excerpt-hellip\"> [\u2026]<\/span><\/p>\n","protected":false},"author":3,"featured_media":0,"comment_status":"open","ping_status":"open","sticky":false,"template":"","format":"standard","meta":{"kia_subtitle":"","footnotes":""},"categories":[],"tags":[],"class_list":["post-33541","post","type-post","status-publish","format-standard","hentry"],"meta_box":[],"_links":{"self":[{"href":"https:\/\/marqalicante-admin.qwair.com\/va\/wp-json\/wp\/v2\/posts\/33541","targetHints":{"allow":["GET"]}}],"collection":[{"href":"https:\/\/marqalicante-admin.qwair.com\/va\/wp-json\/wp\/v2\/posts"}],"about":[{"href":"https:\/\/marqalicante-admin.qwair.com\/va\/wp-json\/wp\/v2\/types\/post"}],"author":[{"embeddable":true,"href":"https:\/\/marqalicante-admin.qwair.com\/va\/wp-json\/wp\/v2\/users\/3"}],"replies":[{"embeddable":true,"href":"https:\/\/marqalicante-admin.qwair.com\/va\/wp-json\/wp\/v2\/comments?post=33541"}],"version-history":[{"count":0,"href":"https:\/\/marqalicante-admin.qwair.com\/va\/wp-json\/wp\/v2\/posts\/33541\/revisions"}],"wp:attachment":[{"href":"https:\/\/marqalicante-admin.qwair.com\/va\/wp-json\/wp\/v2\/media?parent=33541"}],"wp:term":[{"taxonomy":"category","embeddable":true,"href":"https:\/\/marqalicante-admin.qwair.com\/va\/wp-json\/wp\/v2\/categories?post=33541"},{"taxonomy":"post_tag","embeddable":true,"href":"https:\/\/marqalicante-admin.qwair.com\/va\/wp-json\/wp\/v2\/tags?post=33541"}],"curies":[{"name":"wp","href":"https:\/\/api.w.org\/{rel}","templated":true}]}}