{"id":33538,"date":"2013-04-15T00:00:00","date_gmt":"2013-04-15T00:00:00","guid":{"rendered":"https:\/\/marqalicante-admin.qwair.com\/2013\/04\/15\/conferencia-en-el-marq\/"},"modified":"2013-04-15T00:00:00","modified_gmt":"2013-04-15T00:00:00","slug":"conferencia-en-el-marq","status":"publish","type":"post","link":"https:\/\/marqalicante-admin.qwair.com\/va\/conferencia-en-el-marq\/","title":{"rendered":"CONFER\u00c8NCIA AL MARQ"},"content":{"rendered":"<p style=\"text-align:justify\"><a href=\"https:\/\/www.reeftiger.es\/\" target=\"_blank\" rel=\"noopener\">www.reeftiger.es<\/a><\/p>\n<p style=\"text-align:justify\"><strong><span style=\"font-size:14px\">Dimecres que ve, al sal\u00f3 d&#039;Actes del MARQ, tindrem a les 19.00 hores una confer\u00e8ncia sobre<\/span> el<span style=\"font-size:18px\"> <\/span><\/strong><span style=\"font-size:18px\"><strong>M\u00f3n funerari al sud d&#039;Alacant.<\/strong> Enterraments calcol\u00edtics a M\u00farcia. Estat de la q\u00fcesti\u00f3 i darreres novetats. <\/span><\/p>\n<p style=\"text-align:justify\"><span style=\"font-size:16px\"><span style=\"font-size:14px\">Ser\u00e0 impartida per<\/span> <span style=\"font-size:18px\"><strong>Joaqu\u00edn Lomba Maurandi<\/strong><\/span>, <span style=\"font-size:14px\">Professor titular de Prehist\u00f2ria a la Universitat de M\u00farcia.<\/span><\/span><\/p>\n<p style=\"text-align:center\"><img decoding=\"async\" alt=\"\" src=\"http:\/\/marqalicante-classic-admin.qwair.com\/contenido\/genericas\/cartel2.jpg\" style=\"height:707px; width:500px\" \/><\/p>\n<p style=\"text-align:justify\">&nbsp;<\/p>\n<p style=\"text-align:justify\">Despr\u00e9s d&#039;un breu rep\u00e0s sobre la hist\u00f2ria de la investigaci\u00f3 del registre funerari a la zona, s&#039;aportaran les darreres novetats en enterraments calcol\u00edtics murcians i les perspectives de recerca i interpretaci\u00f3 que s&#039;obren a la llum d&#039;aquests i de la revisi\u00f3 de les excavacions antigues, partint del fet que bona part dels desenvolupaments culturals del territori en q\u00fcesti\u00f3 estan \u00edntimament vinculats al m\u00f3n andal\u00fas, mentre que certs trets, sobretot en algunes zones, els relacionen amb fen\u00f2mens que tamb\u00e9 es localitzen a terres alacantines.<\/p>\n<p style=\"text-align:justify\">S&#039;analitzar\u00e0 la problem\u00e0tica dels soterraments diferenciats de les \u00e0rees d&#039;habitaci\u00f3, cas de les coves i els sepulcres megal\u00edtics, per\u00f2 tamb\u00e9 d&#039;un grup, cada cop m\u00e9s nombr\u00f3s, de sepultures a l&#039;interior d&#039;estructures negatives amortitzades, moltes d&#039;origen dom\u00e8stic . A la llum de les darreres troballes, es plantejaran les \u00faltimes l\u00ednies de treball en l&#039;\u00e0mbit de la interpretaci\u00f3 dels jaciments esmentats i en l&#039;aportaci\u00f3 al coneixement de les poblacions calcol\u00edtiques.<\/p>","protected":false},"excerpt":{"rendered":"<p>www.reeftiger.es El pr&oacute;ximo mi&eacute;rcoles, en el sal&oacute;n de Actos del MARQ, tendremos a las 19.00<span class=\"excerpt-hellip\"> [\u2026]<\/span><\/p>\n","protected":false},"author":3,"featured_media":0,"comment_status":"open","ping_status":"open","sticky":false,"template":"","format":"standard","meta":{"kia_subtitle":"","footnotes":""},"categories":[],"tags":[],"class_list":["post-33538","post","type-post","status-publish","format-standard","hentry"],"meta_box":[],"_links":{"self":[{"href":"https:\/\/marqalicante-admin.qwair.com\/va\/wp-json\/wp\/v2\/posts\/33538","targetHints":{"allow":["GET"]}}],"collection":[{"href":"https:\/\/marqalicante-admin.qwair.com\/va\/wp-json\/wp\/v2\/posts"}],"about":[{"href":"https:\/\/marqalicante-admin.qwair.com\/va\/wp-json\/wp\/v2\/types\/post"}],"author":[{"embeddable":true,"href":"https:\/\/marqalicante-admin.qwair.com\/va\/wp-json\/wp\/v2\/users\/3"}],"replies":[{"embeddable":true,"href":"https:\/\/marqalicante-admin.qwair.com\/va\/wp-json\/wp\/v2\/comments?post=33538"}],"version-history":[{"count":0,"href":"https:\/\/marqalicante-admin.qwair.com\/va\/wp-json\/wp\/v2\/posts\/33538\/revisions"}],"wp:attachment":[{"href":"https:\/\/marqalicante-admin.qwair.com\/va\/wp-json\/wp\/v2\/media?parent=33538"}],"wp:term":[{"taxonomy":"category","embeddable":true,"href":"https:\/\/marqalicante-admin.qwair.com\/va\/wp-json\/wp\/v2\/categories?post=33538"},{"taxonomy":"post_tag","embeddable":true,"href":"https:\/\/marqalicante-admin.qwair.com\/va\/wp-json\/wp\/v2\/tags?post=33538"}],"curies":[{"name":"wp","href":"https:\/\/api.w.org\/{rel}","templated":true}]}}