{"id":33527,"date":"2013-03-05T00:00:00","date_gmt":"2013-03-05T00:00:00","guid":{"rendered":"https:\/\/marqalicante-admin.qwair.com\/2013\/03\/05\/el-marq-organiza-visitas-en-lengua-de-signos-para-favorecer-la-integracion-de-las-personas-sordas\/"},"modified":"2013-03-05T00:00:00","modified_gmt":"2013-03-05T00:00:00","slug":"el-marq-organiza-visitas-en-lengua-de-signos-para-favorecer-la-integracion-de-las-personas-sordas","status":"publish","type":"post","link":"https:\/\/marqalicante-admin.qwair.com\/va\/el-marq-organiza-visitas-en-lengua-de-signos-para-favorecer-la-integracion-de-las-personas-sordas\/","title":{"rendered":"El MARQ organitza visites en llengua de signes per afavorir la integraci\u00f3 de les persones sordes"},"content":{"rendered":"<p style='text-align: center;'><img alt='' src='\/contenido\/genericas\/discapacidad.jpg' style='width: 300px; height: 299px;' \/><\/p>\n<p>El<strong>Museu Arqueol\u00f2gic d&#039;Alacant <\/strong>impulsa la integraci\u00f3 cultural de les persones sordes a trav\u00e9s de <strong>recorreguts impartits per guies amb discapacitat auditiva<\/strong>. El departament de Did\u00e0ctica del MARQ ha desenvolupat aquesta nova iniciativa en col\u00b7laboraci\u00f3 amb l\u00b4Associaci\u00f3 de Persones Sordes de L\u00b4Alacant\u00ed -APESOA- amb l\u00b4objectiu de <strong>millorar la qualitat de vida i afavorir l&#039;autonomia i la integraci\u00f3<\/strong> d&#039;aquest col\u00b7lectiu als diferents \u00e0mbits socials.<\/p>\n<p>El personal t\u00e8cnic del museu alacant\u00ed ha estat l&#039;encarregat de formar els membres de l&#039;associaci\u00f3, que impartiran aquestes sessions d&#039;una hora de durada que arrencaran el proper <strong>dissabte 9 de mar\u00e7 a les 17:30 hores<\/strong> amb una <strong>visita guiada<\/strong> a l&#039;exposici\u00f3 temporal <em>\u201c<strong>Santa Pola<\/strong>. <strong>Arqueologia i Museu<\/strong>\u201d.<\/em><\/p>\n<p>Aix\u00ed mateix, el MARQ desenvolupar\u00e0 <strong>durant aquest any visites teatralitzades<\/strong> tamb\u00e9 a <strong>llengua de signes<\/strong>. Per dur a terme aquesta activitat els continguts de les exposicions han estat adaptats a un gui\u00f3 teatral que permetr\u00e0 a les persones amb discapacitat auditiva con\u00e8ixer i gaudir de la cultura de forma amena i visual.<\/p>\n<p>En aquest sentit, el diputat de Cultura <strong>Juan Bautista Rosell\u00f3<\/strong> ha assenyalat que <u>el centre alacant\u00ed refor\u00e7a amb aquest tipus d&#039;iniciatives el comprom\u00eds amb els col\u00b7lectius de discapacitats i segueix treballant en programes d&#039;accessibilitat com a element clau per aconseguir que totes les persones puguin accedir al ric patrimoni arqueol\u00f2gic de la prov\u00edncia d&#039;Alacant<\/u>.<\/p>\n<p>Les persones d&#039;aquest col\u00b7lectiu que vulguin participar-hi <strong>propostes gratu\u00eftes<\/strong> hauran <strong>confirmar pr\u00e8viament<\/strong> la vostra assist\u00e8ncia enviant un e-mail a l&#039;adre\u00e7a <strong><a href='mailto:didacticamarq@marqalicante.com'>didacticamarq@marqalicante.com<\/a><\/strong>oa trav\u00e9s del tel\u00e8fon <strong>965.149.000<\/strong>.<\/p>\n<p>&nbsp;<\/p>\n<p>&nbsp;<\/p>\n<p>&nbsp;&nbsp;&nbsp;&nbsp;&nbsp;&nbsp;&nbsp;&nbsp; El <strong>calendari d&#039;activitats<\/strong> \u00e9s el seg\u00fcent:<\/p>\n<p>&nbsp;<\/p>\n<table align='center' border='0' cellpadding='0' cellspacing='0'>\n<tbody>\n<tr>\n<td style='width: 90px;'>\n<p align='center'><strong>DIA<\/strong><\/p>\n<\/td>\n<td style='width: 66px;'>\n<p align='center'><strong>HORA<\/strong><\/p>\n<\/td>\n<td style='width: 420px;'>\n<p align='center'><strong>ACTIVITAT<\/strong><\/p>\n<\/td>\n<\/tr>\n<tr>\n<td style='width: 90px;'>\n<p align='center'>9 de mar\u00e7<\/p>\n<\/td>\n<td style='width: 66px;'>\n<p align='center'>17:30h.<\/p>\n<\/td>\n<td style='width: 420px;'>\n<p>Visita guiada en llengua de signes a l&#039;exposici\u00f3 <em>\u201cSanta Pola. Arqueologia i Museu\u201d.<\/em><\/p>\n<\/td>\n<\/tr>\n<tr>\n<td style='width: 90px;'>\n<p align='center'>6 d&#039;abril<\/p>\n<\/td>\n<td style='width: 66px;'>\n<p align='center'>11:00 h.<\/p>\n<\/td>\n<td style='width: 420px;'>\n<p>Visita teatralitzada a l&#039;exposici\u00f3 <em>\u201cLa Via Augusta. Pla de Recuperaci\u00f3 de la Via Augusta a la Comunitat Valenciana\u201d.<\/em><\/p>\n<\/td>\n<\/tr>\n<tr>\n<td style='width: 90px;'>\n<p align='center'>20 d&#039;abril<\/p>\n<\/td>\n<td style='width: 66px;'>\n<p align='center'>17:30h.<\/p>\n<\/td>\n<td style='width: 420px;'>\n<p>Visita guiada en llengua de signes a l&#039;exposici\u00f3 <em>&quot;Art i Mort al Montg\u00f3. La Cova del Barranc del Migdia de X\u00e0bia&quot;.<\/em><\/p>\n<\/td>\n<\/tr>\n<tr>\n<td style='width: 90px;'>\n<p align='center'>19 de maig<\/p>\n<\/td>\n<td style='width: 66px;'>\n<p align='center'>10:30h.<\/p>\n<\/td>\n<td style='width: 420px;'>\n<p>Activitats amb motiu del <em>\u201cDia Internacional dels Museus\u201d.<\/em><\/p>\n<\/td>\n<\/tr>\n<tr>\n<td style='width: 90px;'>\n<p align='center'>24 de maig<\/p>\n<\/td>\n<td style='width: 66px;'>\n<p align='center'>&nbsp;<\/p>\n<\/td>\n<td style='width: 420px;'>\n<p><em>Trobada de Persones Sordes Majors de la Comunitat Valenciana <\/em>on est\u00e0 previst visitar l&#039;exposici\u00f3 permanent del MARQ amb el servei de signe-guies, aix\u00ed com realitzar un taller sobre el contingut de la mateixa.<\/p>\n<\/td>\n<\/tr>\n<\/tbody>\n<\/table>\n<div style='clear: both;'>&nbsp;<\/div>\n<p>&nbsp;<\/p>","protected":false},"excerpt":{"rendered":"<p>ElMuseo Arqueol&oacute;gico de Alicante impulsa la integraci&oacute;n cultural de las personas sordas a trav&eacute;s de<span class=\"excerpt-hellip\"> [\u2026]<\/span><\/p>\n","protected":false},"author":3,"featured_media":0,"comment_status":"open","ping_status":"open","sticky":false,"template":"","format":"standard","meta":{"kia_subtitle":"","footnotes":""},"categories":[],"tags":[],"class_list":["post-33527","post","type-post","status-publish","format-standard","hentry"],"meta_box":[],"_links":{"self":[{"href":"https:\/\/marqalicante-admin.qwair.com\/va\/wp-json\/wp\/v2\/posts\/33527","targetHints":{"allow":["GET"]}}],"collection":[{"href":"https:\/\/marqalicante-admin.qwair.com\/va\/wp-json\/wp\/v2\/posts"}],"about":[{"href":"https:\/\/marqalicante-admin.qwair.com\/va\/wp-json\/wp\/v2\/types\/post"}],"author":[{"embeddable":true,"href":"https:\/\/marqalicante-admin.qwair.com\/va\/wp-json\/wp\/v2\/users\/3"}],"replies":[{"embeddable":true,"href":"https:\/\/marqalicante-admin.qwair.com\/va\/wp-json\/wp\/v2\/comments?post=33527"}],"version-history":[{"count":0,"href":"https:\/\/marqalicante-admin.qwair.com\/va\/wp-json\/wp\/v2\/posts\/33527\/revisions"}],"wp:attachment":[{"href":"https:\/\/marqalicante-admin.qwair.com\/va\/wp-json\/wp\/v2\/media?parent=33527"}],"wp:term":[{"taxonomy":"category","embeddable":true,"href":"https:\/\/marqalicante-admin.qwair.com\/va\/wp-json\/wp\/v2\/categories?post=33527"},{"taxonomy":"post_tag","embeddable":true,"href":"https:\/\/marqalicante-admin.qwair.com\/va\/wp-json\/wp\/v2\/tags?post=33527"}],"curies":[{"name":"wp","href":"https:\/\/api.w.org\/{rel}","templated":true}]}}