{"id":33515,"date":"2012-11-09T08:36:00","date_gmt":"2012-11-09T08:36:00","guid":{"rendered":"https:\/\/marqalicante-admin.qwair.com\/2012\/11\/09\/reunion-cientifica-en-el-marq\/"},"modified":"2012-11-09T08:36:00","modified_gmt":"2012-11-09T08:36:00","slug":"reunion-cientifica-en-el-marq","status":"publish","type":"post","link":"https:\/\/marqalicante-admin.qwair.com\/va\/reunion-cientifica-en-el-marq\/","title":{"rendered":"REUNI\u00d3 CIENTIFICA AL MARQ"},"content":{"rendered":"<p style=\"text-align:center\"><img decoding=\"async\" alt=\"\" src=\"http:\/\/marqalicante-classic-admin.qwair.com\/contenido\/genericas\/1(6).jpg\" style=\"height:256px; width:200px\" \/> <img decoding=\"async\" alt=\"\" src=\"http:\/\/marqalicante-classic-admin.qwair.com\/contenido\/genericas\/3(5).jpg\" style=\"height:256px; width:385px\" \/><\/p>\n<p>El passat dia 8 de novembre es va celebrar al sal\u00f3 d&#039;actes del MARQ, la segona Reuni\u00f3 Cient\u00edfica sobre &quot; <strong>Les empremtes de les Guerres Civils Romanes al sud-est d&#039;Hisp\u00e0nia<\/strong>Organitzada per la Universitat d&#039;Alacant, en col\u00b7laboraci\u00f3 amb aquest museu.<\/p>\n<p style=\"text-align:justify\">En aquesta sessi\u00f3 J. Uroz i H. Uroz disserten sobre les novetats del jaciment de La <em>Libisosa<\/em> iberorromana.<\/p>\n<p style=\"text-align:justify\">A continuaci\u00f3 F. Prados, A. Mu\u00f1oz i I. Garc\u00eda van tractar la sessi\u00f3 sobre El <em>oppidum<\/em> de<em> Ball. <\/em>L&#039;\u00faltima pon\u00e8ncia del mat\u00ed va ser tancada per A. Morillo que va tractar sobre els elements que han d&#039;identificar les <em>castra<\/em> i les estructures defensives romanes al segle I aC Les jornades van ser seguides d&#039;un animat debat.<\/p>\n<p style=\"text-align:center\"><img decoding=\"async\" alt=\"\" src=\"http:\/\/marqalicante-classic-admin.qwair.com\/contenido\/genericas\/2(6).jpg\" style=\"height:333px; width:500px\" \/><\/p>\n<p style=\"text-align:justify\">A la sessi\u00f3 de la tarda es van tractar els contextos cer\u00e0mics com a guia per datar els episodis b\u00e8l\u00b7lics de la primera meitat del segle I aC a c\u00e0rrec d&#039;A. Ribera, J. Principal i FJ Heras.<\/p>\n<p style=\"text-align:justify\">Aquesta pon\u00e8ncia va donar pas a un altre debat en qu\u00e8 es va posar en relleu la necessitat d&#039;avan\u00e7ar en la precisi\u00f3 dels conjunts materials.<\/p>\n<p style=\"text-align:justify\"><a href=\"https:\/\/www.iwcwatch.me\" target=\"_blank\" rel=\"noopener\">iwc replica watches<\/a> <a href=\"https:\/\/www.iwcwatch.me\" target=\"_blank\" rel=\"noopener\">https:\/\/www.iwcwatch.me<\/a><\/p>","protected":false},"excerpt":{"rendered":"<p>El pasado d&iacute;a 8 de noviembre se celebr&oacute; en el sal&oacute;n de actos del MARQ,<span class=\"excerpt-hellip\"> [\u2026]<\/span><\/p>\n","protected":false},"author":3,"featured_media":0,"comment_status":"open","ping_status":"open","sticky":false,"template":"","format":"standard","meta":{"kia_subtitle":"","footnotes":""},"categories":[],"tags":[],"class_list":["post-33515","post","type-post","status-publish","format-standard","hentry"],"meta_box":[],"_links":{"self":[{"href":"https:\/\/marqalicante-admin.qwair.com\/va\/wp-json\/wp\/v2\/posts\/33515","targetHints":{"allow":["GET"]}}],"collection":[{"href":"https:\/\/marqalicante-admin.qwair.com\/va\/wp-json\/wp\/v2\/posts"}],"about":[{"href":"https:\/\/marqalicante-admin.qwair.com\/va\/wp-json\/wp\/v2\/types\/post"}],"author":[{"embeddable":true,"href":"https:\/\/marqalicante-admin.qwair.com\/va\/wp-json\/wp\/v2\/users\/3"}],"replies":[{"embeddable":true,"href":"https:\/\/marqalicante-admin.qwair.com\/va\/wp-json\/wp\/v2\/comments?post=33515"}],"version-history":[{"count":0,"href":"https:\/\/marqalicante-admin.qwair.com\/va\/wp-json\/wp\/v2\/posts\/33515\/revisions"}],"wp:attachment":[{"href":"https:\/\/marqalicante-admin.qwair.com\/va\/wp-json\/wp\/v2\/media?parent=33515"}],"wp:term":[{"taxonomy":"category","embeddable":true,"href":"https:\/\/marqalicante-admin.qwair.com\/va\/wp-json\/wp\/v2\/categories?post=33515"},{"taxonomy":"post_tag","embeddable":true,"href":"https:\/\/marqalicante-admin.qwair.com\/va\/wp-json\/wp\/v2\/tags?post=33515"}],"curies":[{"name":"wp","href":"https:\/\/api.w.org\/{rel}","templated":true}]}}