{"id":33505,"date":"2012-09-20T00:00:00","date_gmt":"2012-09-20T00:00:00","guid":{"rendered":"https:\/\/marqalicante-admin.qwair.com\/2012\/09\/20\/el-marq-cierra-su-campana-estival-alcanzando-los-65-272-visitantes\/"},"modified":"2012-09-20T00:00:00","modified_gmt":"2012-09-20T00:00:00","slug":"el-marq-cierra-su-campana-estival-alcanzando-los-65-272-visitantes","status":"publish","type":"post","link":"https:\/\/marqalicante-admin.qwair.com\/va\/el-marq-cierra-su-campana-estival-alcanzando-los-65-272-visitantes\/","title":{"rendered":"El MARQ tanca la seva campanya estival aconseguint els 65.272 visitants."},"content":{"rendered":"<p style=\"text-align:justify\">Durant els mesos de juliol i agost, els visitants del MARQ han gaudit de la col\u00b7lecci\u00f3 permanent del museu i de l&#039;exposici\u00f3 temporal <em>\u201cEl tresor dels B\u00e0rbars\u201d<\/em>, exhibici\u00f3 que mostra a trav\u00e9s d&#039;una \u00e0mplia selecci\u00f3 de peces procedents del Museu Hist\u00f2ric del Palatinat, situat a la ciutat alemanya d&#039;Espira, els inicis de la decad\u00e8ncia de l&#039;Imperi Rom\u00e0 a les fronteres germanes, aix\u00ed com diversos aspectes de la vida quotidiana dels qui habitaven aquests territoris al segle III dC<\/p>\n<p style=\"text-align:justify\">Des de la seva inauguraci\u00f3 el passat dia 30 de mar\u00e7, m\u00e9s de 47.495 han visitat la mostra, gaudint a m\u00e9s de les nombroses activitats organitzades pel Gabinet Did\u00e0ctic del MARQ en coincid\u00e8ncia amb l&#039;exhibici\u00f3 al museu alacant\u00ed del Tresor de Neupotz, un dels conjunts m\u00e9s grans de metall d&#039;\u00e8poca romana de tot Europa, que destaca tant per la bellesa i la qualitat dels seus objectes com per ser testimoni d&#039;una de les etapes menys conegudes de la hist\u00f2ria de l&#039;Imperi Rom\u00e0<\/p>\n<p style=\"text-align:justify\">Seguint la tend\u00e8ncia apuntada en els mesos precedents, s\u00f3n els alacantins els que s&#039;han acostat m\u00e9s fins a les sales de la Pla\u00e7a Doctor G\u00f3mezUlla per gaudir de l&#039;excepcional mostra composta per m\u00e9s de 600 peces rescatades sota les aig\u00fces del riu Rin, entre les quals destaca el fam\u00f3s mirall amb el relleu de la deessa Minerva; a m\u00e9s, i atenent el lloc d&#039;origen, destaca la pres\u00e8ncia de visitants procedents de Madrid, Andalusia, Castella-Lle\u00f3 i Catalunya, aix\u00ed com de les nostres prov\u00edncies lim\u00edtrofes Val\u00e8ncia, M\u00farcia i Albacete.<\/p>\n<p style=\"text-align:justify\">De la mateixa manera, el p\u00fablic que s&#039;ha acostat al museu alacant\u00ed durant aquesta campanya estival, ha pogut visitar de manera gratu\u00efta la mostra \u201c<strong>Fragment d&#039;una pintura mural romana procedent de la Vila de La Quintilla (Lorca, M\u00farcia)\u201d<\/strong> en exhibici\u00f3 a l&#039;espai expositiu del Hall del MARQ des del 17 d&#039;abril passat.<\/p>\n<p style=\"text-align:justify\">Aquesta mostra, que compta amb el patrocini de la Fundaci\u00f3 Cajamurcia, presenta la placa de pintura mural de la vil\u00b7la romana de La Quintilla despr\u00e9s de ser restaurada pel MARQ i \u00e9s fruit d\u00b4un conveni subscrit entre la Diputaci\u00f3 Provincial d\u00b4Alacant, la Fundaci\u00f3 CV\u2013 MARQ i l&#039;Ajuntament de Llorca, en resposta a una iniciativa del MARQ, despr\u00e9s del terratr\u00e8mol que va patir la poblaci\u00f3 de Llorca l&#039;11 de maig de 2011 i amb l&#039;objectiu de col\u00b7laborar en la recuperaci\u00f3 dels b\u00e9ns historicoart\u00edstics de la ciutat i de les col\u00b7leccions dipositades al seu Museu Arqueol\u00f2gic Municipal, que van patir greus danys pel terratr\u00e8mol de maig de 2011.<\/p>\n<p style=\"text-align:justify\">Dentre els visitants internacionals, segueix la tend\u00e8ncia iniciada en 2009, destacant l&#039;aflu\u00e8ncia de francesos, brit\u00e0nics, americans i holandesos; i s&#039;evidencia l&#039;inter\u00e8s creixent que el Marq suscita entre els escandinaus i el p\u00fablic procedent dels pa\u00efsos de l&#039;Est d&#039;Europa. Per primera vegada des del 2009, s&#039;observa un descens lleuger de visites per part de p\u00fablic procedents d&#039;It\u00e0lia i Alemanya.<\/p>\n<p style=\"text-align:justify\">Aquest nombre de visites -tant nacionals com internacionals- fruit de la intensa activitat expositiva del museu alacant\u00ed, evidencia la gran repercussi\u00f3 del programa d&#039;exposicions temporals del museu alacant\u00ed, consolidant el MARQ com a referent cultural i tur\u00edstic al panorama arqueol\u00f2gic no nom\u00e9s alacant\u00ed, sin\u00f3 tamb\u00e9 nacional i internacional situant-lo com un dels museus locals amb m\u00e9s projecci\u00f3, malgrat el descens en les xifres de visitants en comparaci\u00f3 amb estius anteriors.<\/p>\n<p style=\"text-align:justify\">&nbsp;<\/p>\n<p style=\"text-align:justify\"><strong>CAMPANYA ESTIU AL MARQ<\/strong><\/p>\n<p style=\"text-align:center\"><strong><img decoding=\"async\" alt=\"\" src=\"\/contenido\/genericas\/DSCN5619.JPG\" style=\"height:375px; width:500px\" \/><\/strong><\/p>\n<p style=\"text-align:justify\">Un estiu m\u00e9s, el MARQ ha consolidat la seva oferta d&#039;activitats did\u00e0ctiques adre\u00e7ades al p\u00fablic infantil.<\/p>\n<p style=\"text-align:justify\">La 8a campanya d&#039;activitats Veranea al MARQ 2012. Un cop m\u00e9s, \u00e8xit rotund quant a participaci\u00f3 i valoraci\u00f3 per part dels assistents. En total han estat 2.795 persones entre nens, nenes i les seves fam\u00edlies, que han participat tant a les activitats programades per als grups dels matins, com a les visites teatralitzades a El Tresor dels B\u00e0rbars, al que cal sumar els assistents a les quatre sessions de les Visites Teatralitzades Nocturnes a LUCENTUM, com les que van acudir a la festa de comiat de l&#039;estiu.<\/p>\n<p style=\"text-align:justify\">Amb una programaci\u00f3 diversa, atenent edats i perfils diferents, per arribar al m\u00e0xim nombre de persones possible, hem ofert:<\/p>\n<p style=\"text-align:justify\"><strong>Als matins<\/strong><\/p>\n<p style=\"text-align:justify\">Activitats gratu\u00eftes per a nens i nenes de 8 a 14 anys. Formant grups setmanals que, de dimarts a divendres, treballen de manera divertida i l\u00fadica l&#039;exposici\u00f3 temporal El Tresor dels B\u00e0rbars, aix\u00ed com aquells continguts de l&#039;exposici\u00f3 permanent que puguin tenir relaci\u00f3 amb la pr\u00f2pia exposici\u00f3 temporal. En aquest cas han estat <strong>1.397<\/strong> participants. (Mitja assistents per sessi\u00f3: <strong>45&#039;06<\/strong> Pax). A m\u00e9s de passar-ho d&#039;all\u00f2 m\u00e9s b\u00e9 han descobert un &#039;Tresor&#039;, en concret el de Neupotz (Alemanya). Amb jocs i tallers han pogut rec\u00f3rrer i gaudir del fascinant m\u00f3n dels romans al segle III d. C. i els seus problemes fronterers amb els B\u00e0rbars.<\/p>\n<p style=\"text-align:justify\">I els dissabtes, per completar la setmana, s&#039;ha ofert a les fam\u00edlies dels participants gaudir de les Visites Teatralitzades, ja iniciades a les jornades del maig passat, amb motiu del Dia dels Museus i el X Aniversari del MARQ. <strong>386<\/strong> persones han acudit a aquesta cita. (Mitja assistents per sessi\u00f3: <strong>48&#039;25<\/strong> Pax)<\/p>\n<p style=\"text-align:justify\">A part dels joves que s&#039;han inscrit individualment a Veranea al MARQ 2012, tamb\u00e9 hem at\u00e8s grups, com en edicions anteriors, provinents de centres socials, juvenils, escoles d&#039;estiu, etc.<\/p>\n<p style=\"text-align:justify\">La suma de participants de les activitats dels matins, entre nens\/es i fam\u00edlies, \u00e9s de <strong>1.783<\/strong> persones.<\/p>\n<p style=\"text-align:justify\"><strong>A les tardes<\/strong><\/p>\n<p style=\"text-align:justify\">L&#039;oferta vespertina es va concretar en aquestes mateixes visites teatralitzades per l&#039;exposici\u00f3 temporal, ofertes a tots els p\u00fablics, cosa que s&#039;afegiria a l&#039;\u00e0mplia oferta de visites guiades del museu. Amb una gran resposta per part del p\u00fablic i amb cada vegada m\u00e9s participants. <strong>547<\/strong> persones han gaudit d&#039;aquesta magn\u00edfica experi\u00e8ncia, de gran gui\u00f3 i interpretaci\u00f3. (Mitja assistents per sessi\u00f3: 36&#039;46 Pax)<\/p>\n<p style=\"text-align:justify\"><strong>A les nits<\/strong><\/p>\n<p style=\"text-align:justify\">La part m\u00e9s nova d&#039;aquest estiu ha estat la <strong>Visita Teatralitzada Nocturna de Lucentum<\/strong>. Amb el bagatge de les Visites Animades desenvolupades des del 2009 als Parcs Arqueol\u00f2gics del MARQ hem aconseguit, en aquesta ocasi\u00f3, que el jaciment del Tossal de Manises es converteixi en una ciutat romana viva, del segle I d. C. Una altra f\u00f3rmula diferent d\u00e8xit per donar a con\u00e8ixer i difondre Lucentum.<\/p>\n<p style=\"text-align:justify\">Els passats divendres 27 de juliol i 24 d&#039;agost, un total de <strong>215<\/strong> persones de totes les edats, van fer un recorregut pel jaciment acompanyats sempre per Marcus Popilius Onyx, un llibert d&#039;origen grec, que va fer les vegades d&#039;amfitri\u00f3 i els va explicar com era la vida en aquella ciutat just en el seu moment de m\u00e0xima esplendor, quan Augusto, el primer emperador de Roma, va concedir a Lucentum l&#039;estatut jur\u00eddic de Municipi. Pel cam\u00ed, altres personatges van sortint a trobar-los i entre ells es van establint unes converses i escenes, a trav\u00e9s dels quals, el p\u00fablic pot sentir-se com si viatg\u00e9s en el temps vint segles enrere. (Mitja assistents per sessi\u00f3: 53&#039;75 Pax)<\/p>\n<p style=\"text-align:justify\">L&#039;\u00e8xit al juliol a l&#039;hora de la venda d&#039;entrades anticipades a trav\u00e9s de la p\u00e0gina web del museu, ja que, en dues hores es va completar l&#039;aforament per al passi de les 20&#039;30 hores, va suposar la posada en marxa immediata de una segona sessi\u00f3 per al mateix dia, a les 22 hores, cita que tamb\u00e9 en q\u00fcesti\u00f3 d&#039;hores es va omplir. Es va decidir igualment crear una segona passada pel 24 d&#039;agost.<\/p>\n<p style=\"text-align:justify\">Una de les grans sorpreses va ser el nombre d?actors que entrava en escena: un total de 26 persones. Tots ells van fer un gran treball, un extraordinari esfor\u00e7, m\u00e9s si tenim en compte que alguns eren voluntaris, familiars de socis del Club Llumiq que, desinteressadament i amb molta il\u00b7lusi\u00f3, van interpretar a la perfecci\u00f3 els seus papers respectius. Una cosa digna de tenir en compte i valorar, que \u00e9s mostra de la repercussi\u00f3 social que comen\u00e7a a tenir el Club Llumiq i el mateix museu a Alacant.<\/p>\n<p style=\"text-align:justify\">FISTA FI D&#039;ESTIU<\/p>\n<p style=\"text-align:center\"><img decoding=\"async\" alt=\"\" src=\"\/contenido\/genericas\/P1010061.JPG\" style=\"height:375px; width:500px\" \/><\/p>\n<p style=\"text-align:justify\">Igual que en ocasions anteriors, una cosa que fa anys va partir com a iniciativa de les fam\u00edlies dels participants, el 28 d&#039;agost a la tarda va tenir lloc la festa de comiat de l&#039;estiu, amb el lliurament de premis a les categories seg\u00fcents: Millor Dibuix , Millor Redacci\u00f3, Millor Reproducci\u00f3 de pe\u00e7a d&#039;exposici\u00f3 i Millor Grup.<\/p>\n<p style=\"text-align:justify\">Al voltant de 250 persones es van donar cita als jardins del museu, els quals van poder participar als tallers que van comen\u00e7ar a partir de les 18&#039;30, jocs i m\u00fasica d&#039;ambient. A les 19 hores, amb la pres\u00e8ncia de Josep Albert Cort\u00e9s i Jorge Soler, Director Gerent de la Fundaci\u00f3 MARQ i Director d&#039;Exposicions respectivament, es va procedir al lliurament de premis. aut\u00e8ntics protagonistes.<\/p>\n<p style=\"text-align:justify\">Els guanyadors s\u00f3n:<\/p>\n<ul>\n<li style=\"text-align:justify\">Millor grup: grup de la setmana 1, del 3 al 7 de juliol.<\/li>\n<li style=\"text-align:justify\">Millor Dibuix: Zaira Rodr\u00edguez S\u00e1nchez, del Grup 6 (7 a l&#039;11 d&#039;agost)<\/li>\n<li style=\"text-align:justify\">Millor Redacci\u00f3: Celia Buck, del Grup 7 (14 al 18 d&#039;agost)<\/li>\n<li style=\"text-align:justify\">Millor Reproducci\u00f3: Mario S\u00e1nchez Boix, del Grup 3 (17 al 21 de juliol)<\/li>\n<\/ul>\n<p style=\"text-align:justify\">&nbsp;<\/p>\n<p style=\"text-align:center\"><img decoding=\"async\" alt=\"\" src=\"\/contenido\/genericas\/P1010079.JPG\" style=\"height:375px; width:500px\" \/><\/p>\n<p style=\"text-align:justify\">A tots els participants sense premi els va lliurar un Diploma acreditatiu per la seva participaci\u00f3 i \u00f2ptim rendiment en les activitats d&#039;estiu relacionades amb l&#039;exposici\u00f3 temporal El Tresor dels B\u00e0rbars.<\/p>\n<p style=\"text-align:justify\">Finalment, el tancament de l\u00b4acte va tenir lloc amb una foto de grup amb tots els assistents a les escales de l\u00b4entrada del museu i amb la pres\u00e8ncia estel\u00b7lar de la nostra mascota Llumiq.<\/p>\n<p style=\"text-align:justify\">En l\u00ednies generals, podem afirmar que el programa d&#039;Activitats a les vacances escolars d&#039;estiu, dissenyat des de la Fundaci\u00f3 Marq a trav\u00e9s del Club Llumiq des de l&#039;any 2005, est\u00e0 plenament consolidat i creixent a m\u00e9s any rere any, evolucionant continguts i oferta cultural fins a assolir altes cotes d\u201facceptaci\u00f3 per part del p\u00fablic i elevades xifres d\u201fassist\u00e8ncia.<\/p>\n<p style=\"text-align:justify\">Amb aquestes iniciatives, juntament amb els tallers organitzats als Parcs Arqueol\u00f2gics la Illeta dels Banyets (El Campello) i Lucentum, es compleix el principal objectiu del MARQ, que \u00e9s donar a con\u00e8ixer el museu als m\u00e9s joves des d&#039;un plantejament did\u00e0ctic alhora que divertit, motivant-los aix\u00ed mateix a descobrir una cosa tan apassionant com la hist\u00f2ria dels seus avantpassats.<\/p>\n<p style=\"text-align:justify\">&nbsp;<\/p>\n<p style=\"text-align:justify\"><strong>I ALS JACIMENTS<\/strong><\/p>\n<p style=\"text-align:justify\">De la mateixa manera, destaca la xifra de visitants al parc arqueol\u00f2gic Lucentum (El Tossal de Manises, Alacant), que aquesta campanya estival ha rebut 753 visites.<\/p>\n<p style=\"text-align:justify\">Aix\u00ed mateix, la Illeta dels Banyets (El Campello) ha rebut un total de 948 visitants durant els mesos de juliol i agost.<\/p>\n<p style=\"text-align:justify\">A m\u00e9s, el 13 d&#039;agost passat es va celebrar el tercer aniversari de l&#039;obertura al p\u00fablic de la Torre Almohade d&#039;Almudaina. personal del MARQ.<\/p>\n<p style=\"text-align:justify\">Aix\u00ed mateix, segueix en l\u00ednia ascendent el nombre de visites al santuari rupestre de Pla de Petracs a Castell de Castells, fins on s&#039;han acostat 583 persones des del gener del 2012; de la mateixa manera, cada vegada \u00e9s m\u00e9s elevat el nombre de persones que visiten el Centre d&#039;Interpretaci\u00f3 del jaciment neol\u00edtic de la Cova de l&#039;Or a Beniarr\u00e9s, amb 610 visites des de comen\u00e7ament d&#039;any.<\/p>\n<p style=\"text-align:justify\">D&#039;aquesta manera, el museu alacant\u00ed i els seus parcs arqueol\u00f2gics superen la xifra de 76.890 visites des que va comen\u00e7ar l&#039;any.<\/p>\n<p style=\"text-align:justify\">&nbsp;<\/p>\n<p style=\"text-align:justify\"><strong>EXPOSICIONS A ALTRES SEUS DE LA PROV\u00cdNCIA<\/strong><\/p>\n<p style=\"text-align:justify\">L&#039;oferta cultural del MARQ s&#039;ha vist ampliada el 2012 amb dues exposicions a altres seus fora de la Pla\u00e7a del Doctor G\u00f3mez Ulla, entre les quals destaquen les mostres:<\/p>\n<p style=\"text-align:justify\"><strong>\u201cLa Dama de Guardamar i la Necr\u00f2polis de cap\u00e7al Estel\u201d <\/strong><\/p>\n<p style=\"text-align:justify\">El Museu Arqueol\u00f2gic de Guardamar del Segura acull des del passat dia 6 de juliol l&#039;exposici\u00f3 del bust original de la Dama de Guardamar quan es compleixen 25 anys de la seva troballa, produ\u00efda l&#039;any 1987, durant unes excavacions al jaciment arqueol\u00f2gic de Cabezo de Estel. La mostra, que ha estat visitada per m\u00e9s de 3.000 persones, \u00e9s fruit de la col\u00b7laboraci\u00f3 amb el MARQ i compta amb el patrocini de Cajamurcia. \u201cLa Dama de Guardamar i la Necr\u00f2polis de cap\u00e7al Lucero\u201d romandr\u00e0 oberta al p\u00fablic fins al proper dia 6 de novembre.<\/p>\n<p style=\"text-align:justify\"><strong>La Dama d&#039;Elx<\/strong><\/p>\n<p style=\"text-align:justify\">Des del dia 4 d&#039;agost passat, la Torre de l&#039;Homenatge del Palau d&#039;Altamira d&#039;Elx acull una exposici\u00f3 commemorativa sobre el descobriment de la Dama d&#039;Elx.<\/p>\n<p style=\"text-align:justify\">En aquesta mostra, organitzada amb motiu del 115\u00e8 aniversari del seu descobriment el 1897, <a href=\"http:\/\/www.lacronicavirtual.com\/index.php\/provincia\/378-el-marq-cede-a-elche-una-replica-de-la-dama-expuesta-en-el-palacio-de-altamira\" target=\"_blank\" rel=\"noopener\">e<\/a>l Marq ha cedit al MAHE la r\u00e8plica en 3D de la coneguda dama dipositada als fons del museu alacant\u00ed, que romandr\u00e0 a Elx fins al 14 d&#039;agost del 2013. Des de la inauguraci\u00f3, la mostra ha acollit 4.126 visitants.<\/p>\n<p style=\"text-align:justify\"><a href=\"https:\/\/www.trustytime8.com\" target=\"_blank\" rel=\"noopener\">https:\/\/www.trustytime8.com<\/a><\/p>\n<p style=\"text-align:justify\">&nbsp;<\/p>\n<p style=\"text-align:justify\">&nbsp;<\/p>","protected":false},"excerpt":{"rendered":"<p>Durante los meses de julio y agosto, los visitantes del MARQ han disfrutado de la<span class=\"excerpt-hellip\"> [\u2026]<\/span><\/p>\n","protected":false},"author":3,"featured_media":0,"comment_status":"open","ping_status":"open","sticky":false,"template":"","format":"standard","meta":{"kia_subtitle":"","footnotes":""},"categories":[],"tags":[],"class_list":["post-33505","post","type-post","status-publish","format-standard","hentry"],"meta_box":[],"_links":{"self":[{"href":"https:\/\/marqalicante-admin.qwair.com\/va\/wp-json\/wp\/v2\/posts\/33505","targetHints":{"allow":["GET"]}}],"collection":[{"href":"https:\/\/marqalicante-admin.qwair.com\/va\/wp-json\/wp\/v2\/posts"}],"about":[{"href":"https:\/\/marqalicante-admin.qwair.com\/va\/wp-json\/wp\/v2\/types\/post"}],"author":[{"embeddable":true,"href":"https:\/\/marqalicante-admin.qwair.com\/va\/wp-json\/wp\/v2\/users\/3"}],"replies":[{"embeddable":true,"href":"https:\/\/marqalicante-admin.qwair.com\/va\/wp-json\/wp\/v2\/comments?post=33505"}],"version-history":[{"count":0,"href":"https:\/\/marqalicante-admin.qwair.com\/va\/wp-json\/wp\/v2\/posts\/33505\/revisions"}],"wp:attachment":[{"href":"https:\/\/marqalicante-admin.qwair.com\/va\/wp-json\/wp\/v2\/media?parent=33505"}],"wp:term":[{"taxonomy":"category","embeddable":true,"href":"https:\/\/marqalicante-admin.qwair.com\/va\/wp-json\/wp\/v2\/categories?post=33505"},{"taxonomy":"post_tag","embeddable":true,"href":"https:\/\/marqalicante-admin.qwair.com\/va\/wp-json\/wp\/v2\/tags?post=33505"}],"curies":[{"name":"wp","href":"https:\/\/api.w.org\/{rel}","templated":true}]}}