{"id":33502,"date":"2012-07-30T00:00:00","date_gmt":"2012-07-30T00:00:00","guid":{"rendered":"https:\/\/marqalicante-admin.qwair.com\/2012\/07\/30\/una-visita-muy-especial\/"},"modified":"2012-07-30T00:00:00","modified_gmt":"2012-07-30T00:00:00","slug":"una-visita-muy-especial","status":"publish","type":"post","link":"https:\/\/marqalicante-admin.qwair.com\/va\/una-visita-muy-especial\/","title":{"rendered":"UNA VISITA MOLT ESPECIAL"},"content":{"rendered":"<p>Els guanyadors dels concursos de fotografia i dibuix visiten el MARQ<\/p>\n<p>Els guanyadors dels Concursos de Fotografia, Dibuix i Redacci\u00f3 que amb motiu del X Aniversari del MARQ van obtenir aquesta distinci\u00f3 a resultes de la decisi\u00f3 del jurat del passat mes de juny, van visitar, divendres passat 27, el MARQ de la m\u00e0 del Director Gerent, el Director T\u00e8cnic i el responsable del Departament de Noves Tecnologies del museu.<\/p>\n<p><a href=\"https:\/\/www.reeftiger.es\/\" target=\"_blank\" rel=\"noopener\">rellotges de luxe<\/a><\/p>\n<p style=\"text-align:center\"><img decoding=\"async\" alt=\"\" src=\"\/contenido\/genericas\/colecciones(2).JPG\" style=\"height:225px; width:300px\" \/>&nbsp; &nbsp; &nbsp;<img decoding=\"async\" alt=\"\" src=\"\/contenido\/genericas\/entradas y salidas.JPG\" style=\"height:225px; width:300px\" \/>&nbsp;<img decoding=\"async\" alt=\"\" src=\"\/contenido\/genericas\/almacen.JPG\" style=\"height:225px; width:300px\" \/><\/p>\n<p>Acompanyats, tamb\u00e9, dels participants del concurs de Tuits que es van acostar a passar el mat\u00ed amb nosaltres, van realitzar un recorregut a les entranyes del MARQ amb la visita als nostres magatzems, els dip\u00f2sits de peces, el taller de restauraci\u00f3, l&#039;anforari, el gabinet de recerca\u2026 Tots ells es van interessar pel nostre treball i van con\u00e8ixer de primera m\u00e0 com es van con\u00e8ixer.<\/p>\n<p style=\"text-align:center\"><img decoding=\"async\" alt=\"\" src=\"\/contenido\/genericas\/anforario.JPG\" style=\"height:225px; width:300px\" \/>&nbsp;<img decoding=\"async\" alt=\"\" src=\"\/contenido\/genericas\/almacen visitable.JPG\" style=\"height:225px; width:300px\" \/>&nbsp;&nbsp;<img decoding=\"async\" alt=\"\" src=\"\/contenido\/genericas\/Restauracion.JPG\" style=\"height:225px; width:300px\" \/><\/p>\n<p>A continuaci\u00f3 van rebre els lots de llibres i Dvd&#039;s amb qu\u00e8 han resultat premiats aix\u00ed com les targetes d&#039;amics del MARQ que els permetran l&#039;acc\u00e9s a les nostres instal\u00b7lacions de manera gratu\u00efta els propers dotze mesos. Enhorabona!<\/p>\n<p style=\"text-align:center\"><img decoding=\"async\" alt=\"\" src=\"\/contenido\/genericas\/Ganadores 1.JPG\" style=\"height:225px; width:300px\" \/>&nbsp;<img decoding=\"async\" alt=\"\" src=\"\/contenido\/genericas\/Ganadores 2.JPG\" style=\"height:225px; width:300px\" \/>&nbsp;<img decoding=\"async\" alt=\"\" src=\"\/contenido\/genericas\/Ganadores 3.JPG\" style=\"height:225px; width:300px\" \/><\/p>\n<p style=\"text-align:center\"><img decoding=\"async\" alt=\"\" src=\"\/contenido\/genericas\/Ganadores 4.JPG\" style=\"height:225px; width:300px\" \/>&nbsp;<img decoding=\"async\" alt=\"\" src=\"\/contenido\/genericas\/Ganadores 5.JPG\" style=\"height:225px; width:300px\" \/><\/p>\n<p>&nbsp;<\/p>\n<p>I recorda, segueix obert el termini de presentaci\u00f3 de treballs al <a href=\"http:\/\/pinterest.com\/marqalicante\/concurso-de-fotografia-10-anos-de-marq\/\" target=\"_blank\" rel=\"noopener\">&quot;Concurs de Fotografia X anys de MARQ&quot;.<\/a><\/p>\n<p>Consulta les bases <a href=\"http:\/\/marqalicante-classic-admin.qwair.com\/Noticias\/es\/Concurso-de-Fotografia-10-anos-de-MARQ-N201.html\" target=\"_blank\" rel=\"noopener\">aqu\u00ed<\/a><\/p>","protected":false},"excerpt":{"rendered":"<p>Los ganadores de los concursos de fotograf&iacute;a y dibujo visitan el MARQ Los ganadores de<span class=\"excerpt-hellip\"> [\u2026]<\/span><\/p>\n","protected":false},"author":3,"featured_media":0,"comment_status":"open","ping_status":"open","sticky":false,"template":"","format":"standard","meta":{"kia_subtitle":"","footnotes":""},"categories":[],"tags":[],"class_list":["post-33502","post","type-post","status-publish","format-standard","hentry"],"meta_box":[],"_links":{"self":[{"href":"https:\/\/marqalicante-admin.qwair.com\/va\/wp-json\/wp\/v2\/posts\/33502","targetHints":{"allow":["GET"]}}],"collection":[{"href":"https:\/\/marqalicante-admin.qwair.com\/va\/wp-json\/wp\/v2\/posts"}],"about":[{"href":"https:\/\/marqalicante-admin.qwair.com\/va\/wp-json\/wp\/v2\/types\/post"}],"author":[{"embeddable":true,"href":"https:\/\/marqalicante-admin.qwair.com\/va\/wp-json\/wp\/v2\/users\/3"}],"replies":[{"embeddable":true,"href":"https:\/\/marqalicante-admin.qwair.com\/va\/wp-json\/wp\/v2\/comments?post=33502"}],"version-history":[{"count":0,"href":"https:\/\/marqalicante-admin.qwair.com\/va\/wp-json\/wp\/v2\/posts\/33502\/revisions"}],"wp:attachment":[{"href":"https:\/\/marqalicante-admin.qwair.com\/va\/wp-json\/wp\/v2\/media?parent=33502"}],"wp:term":[{"taxonomy":"category","embeddable":true,"href":"https:\/\/marqalicante-admin.qwair.com\/va\/wp-json\/wp\/v2\/categories?post=33502"},{"taxonomy":"post_tag","embeddable":true,"href":"https:\/\/marqalicante-admin.qwair.com\/va\/wp-json\/wp\/v2\/tags?post=33502"}],"curies":[{"name":"wp","href":"https:\/\/api.w.org\/{rel}","templated":true}]}}