{"id":33498,"date":"2012-07-12T00:00:00","date_gmt":"2012-07-12T00:00:00","guid":{"rendered":"https:\/\/marqalicante-admin.qwair.com\/2012\/07\/12\/aplicacion-movil-con-signoguias-en-el-marq\/"},"modified":"2012-07-12T00:00:00","modified_gmt":"2012-07-12T00:00:00","slug":"aplicacion-movil-con-signoguias-en-el-marq","status":"publish","type":"post","link":"https:\/\/marqalicante-admin.qwair.com\/va\/aplicacion-movil-con-signoguias-en-el-marq\/","title":{"rendered":"Aplicaci\u00f3 m\u00f2bil amb signoguies al MARQ"},"content":{"rendered":"<p><strong>El MARQ en col\u00b7laboraci\u00f3 amb el <a href=\"http:\/\/www.eltallerdigital.com\/es\/index.html\" target=\"_blank\" rel=\"noopener\">Taller Digital de la Universitat d&#039;Alacant<\/a> ha desenvolupat una aplicaci\u00f3, ja disponible a App Store, compatible per a iPhone, iPod touch i iPad que ofereix una visita al museu tradu\u00efda al llenguatge de signes amb els continguts seg\u00fcents:<\/strong><\/p>\n<ul>\n<li><strong>Signoguies que mostren a les persones amb discapacitat auditiva la visita al museu aix\u00ed com activitats did\u00e0ctiques per a infants amb aquest tipus de discapacitat.<\/strong><\/li>\n<li><strong>Selecci\u00f3 de les millors peces amb informaci\u00f3 detallada de cadascuna.<\/strong><\/li>\n<li><strong>Activitats did\u00e0ctiques per a nens\/es i gent gran<\/strong><\/li>\n<li><strong>Guia de recorregut i activitats did\u00e0ctiques de Lucentum i la Illeta dels Banyets amb reconstruccions virtuals.<\/strong><\/li>\n<li style='text-align: center'><strong><img alt='' src='\/contenido\/genericas\/contenidos ipod.jpg' style='width: 250px; height: 375px' \/><\/strong><\/li>\n<\/ul>\n<p>Laplicaci\u00f3 pot ser descarregada per de manera gratu\u00efta per qualsevol usuari. Per als que no disposin d&#039;aquest tipus de dispositius, el MARQ ofereix tant al museu com als parcs arqueol\u00f2gics iPods amb l&#039;aplicaci\u00f3 ja carregada per a \u00fas similar a les audioguies.<\/p>\n<p><a href=\"http:\/\/itunes.apple.com\/ca\/app\/marq\/id429437407?mt=8\" target=\"_blank\" rel=\"noopener\">http:\/\/itunes.apple.com\/ca\/app\/marq\/id429437407?mt=8<\/a><\/p>\n<p style='text-align: center'><img alt='' src='\/contenido\/genericas\/app.jpg' style='width: 400px; height: 150px' \/><\/p>","protected":false},"excerpt":{"rendered":"<p>El MARQ en colaboraci&oacute;n con el Taller Digital de la Universidad de Alicante ha desarrollado<span class=\"excerpt-hellip\"> [\u2026]<\/span><\/p>\n","protected":false},"author":3,"featured_media":0,"comment_status":"open","ping_status":"open","sticky":false,"template":"","format":"standard","meta":{"kia_subtitle":"","footnotes":""},"categories":[],"tags":[],"class_list":["post-33498","post","type-post","status-publish","format-standard","hentry"],"meta_box":[],"_links":{"self":[{"href":"https:\/\/marqalicante-admin.qwair.com\/va\/wp-json\/wp\/v2\/posts\/33498","targetHints":{"allow":["GET"]}}],"collection":[{"href":"https:\/\/marqalicante-admin.qwair.com\/va\/wp-json\/wp\/v2\/posts"}],"about":[{"href":"https:\/\/marqalicante-admin.qwair.com\/va\/wp-json\/wp\/v2\/types\/post"}],"author":[{"embeddable":true,"href":"https:\/\/marqalicante-admin.qwair.com\/va\/wp-json\/wp\/v2\/users\/3"}],"replies":[{"embeddable":true,"href":"https:\/\/marqalicante-admin.qwair.com\/va\/wp-json\/wp\/v2\/comments?post=33498"}],"version-history":[{"count":0,"href":"https:\/\/marqalicante-admin.qwair.com\/va\/wp-json\/wp\/v2\/posts\/33498\/revisions"}],"wp:attachment":[{"href":"https:\/\/marqalicante-admin.qwair.com\/va\/wp-json\/wp\/v2\/media?parent=33498"}],"wp:term":[{"taxonomy":"category","embeddable":true,"href":"https:\/\/marqalicante-admin.qwair.com\/va\/wp-json\/wp\/v2\/categories?post=33498"},{"taxonomy":"post_tag","embeddable":true,"href":"https:\/\/marqalicante-admin.qwair.com\/va\/wp-json\/wp\/v2\/tags?post=33498"}],"curies":[{"name":"wp","href":"https:\/\/api.w.org\/{rel}","templated":true}]}}