{"id":33483,"date":"2012-05-17T00:00:00","date_gmt":"2012-05-17T00:00:00","guid":{"rendered":"https:\/\/marqalicante-admin.qwair.com\/2012\/05\/17\/concurso-de-tuits-10-anos-de-marq\/"},"modified":"2012-05-17T00:00:00","modified_gmt":"2012-05-17T00:00:00","slug":"concurso-de-tuits-10-anos-de-marq","status":"publish","type":"post","link":"https:\/\/marqalicante-admin.qwair.com\/va\/concurso-de-tuits-10-anos-de-marq\/","title":{"rendered":"Concurs de Tuits \u201c10 anys de MARQ\u201d"},"content":{"rendered":"<p>Amb motiu del seu 10\u00e8 aniversari, el MARQ, Museu Arqueol\u00f2gic d&#039;Alacant convoca el seu primer concurs de Tuits. Targetes AMIGA Familiar amb qu\u00e8 podr\u00e0s tenir: Acc\u00e9s gratu\u00eft al MARQ i al TOSSAL durant 12 mesos., informaci\u00f3 peri\u00f2dica de les activitats del museu per e-mail, descompte en els cursos organitzats per al p\u00fablic en general, 10% de descompte a la botiga-llibreria i 10% de descompte a la cafeteria-restaurant-bar.<\/p>\n<p style='text-align: center'><img alt='' src='\/contenido\/genericas\/cartel(8).jpg' style='width: 425px; height: 295px' \/><\/p>\n<p>El sistema \u00e9s molt senzill, nom\u00e9s heu de tuitejar utilitzant l&#039;etiqueta #10anysDeMARQ tant a la xarxa social Twitter com Facebook. Donades les caracter\u00edstiques de la primera, les piulades nom\u00e9s podran tenir una longitud m\u00e0xima de 140 car\u00e0cters (inclosa l&#039;etiqueta #10anysDeMARQ).<\/p>\n<p>El nom del guanyador\/a es donar\u00e0 a con\u00e8ixer el dia 28 de maig, durant la celebraci\u00f3 del des\u00e8 aniversari del MARQ.<\/p>\n<p>Caracter\u00edstiques dels tuits:<\/p>\n<ul>\n<li>El tuit haur\u00e0 de ser&nbsp;<strong>original i in\u00e8dit<\/strong>, i podr\u00e0 anar acompanyat d&#039;una&nbsp;<strong>fotografia <\/strong>que ho il\u00b7lustri.<\/li>\n<li>Podreu escriure&nbsp;<strong>tants tuits com vulgui<\/strong>, per\u00f2 cadasc\u00fa es valorar\u00e0 independentment.<\/li>\n<li>El tema i el g\u00e8nere (microconte, lema, esl\u00f2gan, vers, frase enginyosa, joc de paraules, etc.) del tuit s\u00f3n lliures<\/li>\n<li>L&#039;extensi\u00f3 m\u00e0xima de cada tuit ser\u00e0 de <strong>140 car\u00e0cters<\/strong> (inclosa l&#039;etiqueta #10anys DeMARQ)<\/li>\n<li>Es constituir\u00e0 un jurat per a la valoraci\u00f3 dels tuits rebuts. El jurat estar\u00e0 format per tres persones del MARQ<\/li>\n<li>Es valorar\u00e0 el n\u00famero de \u201cm&#039;agrada\u201d a Facebook o \u201cretuits\u201d a Twitter aix\u00ed com la <strong>qualitat liter\u00e0ria dels tuits<\/strong><\/li>\n<li>El MARQ podr\u00e0 publicar els tuits a diferents mitjans. Els tuits publicats portaran la signatura del seu autor<\/li>\n<li>La data l\u00edmit de recepci\u00f3 de tuits \u00e9s el&nbsp;<strong>27 de maig de 2012<\/strong>.<\/li>\n<\/ul>\n<p>Tothom que participi al concurs accepta aquestes bases.<\/p>\n<p>SORT A TOTS ELS PARTICIPANTS<\/p>","protected":false},"excerpt":{"rendered":"<p>Con motivo de su 10&ordm; aniversario, el MARQ, Museo Arqueol&oacute;gico de Alicante convoca su primer<span class=\"excerpt-hellip\"> [\u2026]<\/span><\/p>\n","protected":false},"author":3,"featured_media":0,"comment_status":"open","ping_status":"open","sticky":false,"template":"","format":"standard","meta":{"kia_subtitle":"","footnotes":""},"categories":[],"tags":[],"class_list":["post-33483","post","type-post","status-publish","format-standard","hentry"],"meta_box":[],"_links":{"self":[{"href":"https:\/\/marqalicante-admin.qwair.com\/va\/wp-json\/wp\/v2\/posts\/33483","targetHints":{"allow":["GET"]}}],"collection":[{"href":"https:\/\/marqalicante-admin.qwair.com\/va\/wp-json\/wp\/v2\/posts"}],"about":[{"href":"https:\/\/marqalicante-admin.qwair.com\/va\/wp-json\/wp\/v2\/types\/post"}],"author":[{"embeddable":true,"href":"https:\/\/marqalicante-admin.qwair.com\/va\/wp-json\/wp\/v2\/users\/3"}],"replies":[{"embeddable":true,"href":"https:\/\/marqalicante-admin.qwair.com\/va\/wp-json\/wp\/v2\/comments?post=33483"}],"version-history":[{"count":0,"href":"https:\/\/marqalicante-admin.qwair.com\/va\/wp-json\/wp\/v2\/posts\/33483\/revisions"}],"wp:attachment":[{"href":"https:\/\/marqalicante-admin.qwair.com\/va\/wp-json\/wp\/v2\/media?parent=33483"}],"wp:term":[{"taxonomy":"category","embeddable":true,"href":"https:\/\/marqalicante-admin.qwair.com\/va\/wp-json\/wp\/v2\/categories?post=33483"},{"taxonomy":"post_tag","embeddable":true,"href":"https:\/\/marqalicante-admin.qwair.com\/va\/wp-json\/wp\/v2\/tags?post=33483"}],"curies":[{"name":"wp","href":"https:\/\/api.w.org\/{rel}","templated":true}]}}