{"id":33482,"date":"2012-05-17T00:00:00","date_gmt":"2012-05-17T00:00:00","guid":{"rendered":"https:\/\/marqalicante-admin.qwair.com\/2012\/05\/17\/concurso-de-fotografia-10-anos-de-marq\/"},"modified":"2012-05-17T00:00:00","modified_gmt":"2012-05-17T00:00:00","slug":"concurso-de-fotografia-10-anos-de-marq","status":"publish","type":"post","link":"https:\/\/marqalicante-admin.qwair.com\/va\/concurso-de-fotografia-10-anos-de-marq\/","title":{"rendered":"Concurs de Fotografia \u201c10 anys de MARQ\u201d"},"content":{"rendered":"<p>El proper dia 28 el MARQ fa 10 anys. Per celebrar-ho des del dia 18 (Dia Internacional dels Museus) fins al mateix dia 28, el MARQ celebra jornades de portes obertes.<\/p>\n<p>Durant aquests 10 anys, segur que has fet moltes fotografies de les teves visites al MARQ, a veure la seva exposici\u00f3 permanent o qualsevol de les exposicions temporals que durant aquests 10 anys s&#039;han anat succeint. Envia&#039;ns les teves millors fotos i participa al concurs de Fotografia 10 anys de MARQ.<\/p>\n<p>Si no en tens cap, aprofita aquests dies de jornades obertes, visita l&#039;exposici\u00f3 \u201cEl Tresor dels B\u00e0rbars\u201d i fes alguna bona foto, envia&#039;ns-la i participa al Concurs 10 anys de MARQ.<\/p>\n<p style='text-align: center'><img alt='' src='\/contenido\/genericas\/cartel(6).jpg' style='width: 531px; height: 600px' \/><\/p>\n<p><strong>Les bases del concurs s\u00f3n les seg\u00fcents:<\/strong><\/p>\n<ol>\n<li>El concurs va dirigit al p\u00fablic, en general, que vulgui participar en aquest concurs per celebrar el Dia Internacional dels Museus i el X Aniversari del MARQ<\/li>\n<li>Les fotografies hauran de ser <strong>originals i in\u00e8dites<\/strong>, i podreu anar acompanyats d&#039;un t\u00edtol o breu text explicatiu.<\/li>\n<li>Podr\u00e0s enviar <strong>tantes fotos com vulguis<\/strong>, per\u00f2 cadascuna es valorar\u00e0 independentment.<\/li>\n<li>El tema de la fotografia ser\u00e0 el MARQ, els seus jaciments o alguna de les exposicions (permanent o temporals).<\/li>\n<li>Les fotografies s&#039;enviaran a <strong>format digital<\/strong> per correu electr\u00f2nic a la seg\u00fcent adre\u00e7a: <span style='font-size:18px;'><strong><a href='mailto:info@marqalicante.com'>info@marqalicante.com<\/a><\/strong><\/span>&nbsp;indicant al <strong>\u201cAssumpte\u201d: Concurs de Fotografia X anys de MARQ<\/strong>. Al costat de la fotografia presentada haur\u00e0 de constar<strong>nom i cognoms, adre\u00e7a, poblaci\u00f3, tel\u00e8fon de contacte, adre\u00e7a de correu electr\u00f2nic i edat de l&#039;autor<\/strong>.<\/li>\n<li>La mida m\u00e0xima de les fotografies ser\u00e0 de <strong>500Kb<\/strong><\/li>\n<li>Les fotografies seran publicades a la <strong>Web del MARQ,<\/strong> indicant-se en tots els casos el nom de lautor.<\/li>\n<li>Es constituir\u00e0 un jurat per a la valoraci\u00f3 de les fotografies rebudes. El jurat estar\u00e0 format per tres persones del MARQ.<\/li>\n<li>La decisi\u00f3 del jurat es comunicar\u00e0 al guanyador\/a. Apareixer\u00e0 tamb\u00e9 a la web del MARQ: <a href=\"http:\/\/marqalicante-classic-admin.qwair.com\/\" target=\"_blank\" rel=\"noopener\">marqalicante-classic-admin.qwair.com<\/a>.<\/li>\n<li>El museu es reserva el dret dadaptar les fotografies guanyadores al format que consideri oport\u00fa.<\/li>\n<li>En participar en aquest concurs el guanyador i els participants accepten la cessi\u00f3 dels drets de reproducci\u00f3 als materials de difusi\u00f3 del museu.<\/li>\n<li>La data l\u00edmit de recepci\u00f3 de fotografies \u00e9s el&nbsp;<strong>30 de maig de 2012<\/strong>.<\/li>\n<\/ol>\n<p>&nbsp;<strong>Premis:<\/strong><\/p>\n<p>Els autors de les 3 millors fotografies rebran un lot de publicacions del MARQ i una TARGETA AMIGA FAMILIAR amb qu\u00e8 el guanyador podr\u00e0 tenir acc\u00e9s gratu\u00eft al MARQ i al TOSSAL durant 12 mesos., informaci\u00f3 peri\u00f2dica de les activitats del museu per e-mail, descompte als cursos organitzats per al p\u00fablic en general, 10% de descompte a la botiga-llibreria i 10% de descompte a la cafeteria-restaurant-bar.<\/p>","protected":false},"excerpt":{"rendered":"<p>El pr&oacute;ximo d&iacute;a 28 el MARQ cumple 10 a&ntilde;os. Para celebrarlo desde el d&iacute;a 18<span class=\"excerpt-hellip\"> [\u2026]<\/span><\/p>\n","protected":false},"author":3,"featured_media":0,"comment_status":"open","ping_status":"open","sticky":false,"template":"","format":"standard","meta":{"kia_subtitle":"","footnotes":""},"categories":[],"tags":[],"class_list":["post-33482","post","type-post","status-publish","format-standard","hentry"],"meta_box":[],"_links":{"self":[{"href":"https:\/\/marqalicante-admin.qwair.com\/va\/wp-json\/wp\/v2\/posts\/33482","targetHints":{"allow":["GET"]}}],"collection":[{"href":"https:\/\/marqalicante-admin.qwair.com\/va\/wp-json\/wp\/v2\/posts"}],"about":[{"href":"https:\/\/marqalicante-admin.qwair.com\/va\/wp-json\/wp\/v2\/types\/post"}],"author":[{"embeddable":true,"href":"https:\/\/marqalicante-admin.qwair.com\/va\/wp-json\/wp\/v2\/users\/3"}],"replies":[{"embeddable":true,"href":"https:\/\/marqalicante-admin.qwair.com\/va\/wp-json\/wp\/v2\/comments?post=33482"}],"version-history":[{"count":0,"href":"https:\/\/marqalicante-admin.qwair.com\/va\/wp-json\/wp\/v2\/posts\/33482\/revisions"}],"wp:attachment":[{"href":"https:\/\/marqalicante-admin.qwair.com\/va\/wp-json\/wp\/v2\/media?parent=33482"}],"wp:term":[{"taxonomy":"category","embeddable":true,"href":"https:\/\/marqalicante-admin.qwair.com\/va\/wp-json\/wp\/v2\/categories?post=33482"},{"taxonomy":"post_tag","embeddable":true,"href":"https:\/\/marqalicante-admin.qwair.com\/va\/wp-json\/wp\/v2\/tags?post=33482"}],"curies":[{"name":"wp","href":"https:\/\/api.w.org\/{rel}","templated":true}]}}